
			
				

					
				

			
		{"items":"\n\t\t\t\t\t\t\t\t\t\t\t\n<article id=\"post-21790\" class=\"wd-post blog-design-default-alt blog-post-loop blog-style-bg wd-add-shadow wd-col post-21790 post type-post status-publish format-standard has-post-thumbnail hentry category-blog\">\n\t<div class=\"article-inner\">\n\t\t\t\t\t\t\t\t\t<div class=\"meta-post-categories wd-post-cat wd-style-with-bg\"><a href=\"https:\/\/cerenkaradag.com\/blog\/\" rel=\"category tag\">Blog<\/a><\/div>\n\t\t\t\n\t\t\t\t\t\t\t<h3 class=\"wd-entities-title title post-title\">\n\t\t\t\t\t<a href=\"https:\/\/cerenkaradag.com\/profesyonel-dis-beyazlatma-tedavisi\/\" rel=\"bookmark\">Profesyonel Di\u015f Beyazlatma \u2013 Estetik ve Kal\u0131c\u0131 G\u00fcl\u00fc\u015f \u00c7\u00f6z\u00fcmleri<\/a>\n\t\t\t\t<\/h3>\n\t\t\t\n\t\t\t\t\t\t\t<div class=\"entry-meta wd-entry-meta\">\n\t\t\t\t\t\t\t\t<ul class=\"entry-meta-list\">\n\t\t\t\t\t\t\t\t\t<li class=\"modified-date\">\n\t\t\t\t\t\t\t\t<time class=\"updated\" datetime=\"2025-12-16T08:53:58+00:00\">\n\t\t\t12\/16\/2025\t\t<\/time>\n\t\t\t\t\t\t\t<\/li>\n\n\t\t\t\t\t\n\t\t\t\t\t\t\t\t\t\t\t<li class=\"meta-author\">\n\t\t\t\t\t\t\t\t\t\t\t\t<span>Yay\u0131nlayan:<\/span>\n\t\t\n\t\t\t\t\t<img alt='author-avatar' src='https:\/\/cerenkaradag.com\/wp-content\/litespeed\/avatar\/5645c9bd65b42f96dc9f006aa0a70082.jpg?ver=1788549044' srcset='https:\/\/cerenkaradag.com\/wp-content\/litespeed\/avatar\/8467426afb50ecfb313eaec49f29350a.jpg?ver=1788549044 2x' class='avatar avatar-32 photo' height='32' width='32' decoding='async'\/>\t\t\n\t\t<a href=\"https:\/\/cerenkaradag.com\/author\/cerenadminkaradag\/\" rel=\"author\">\n\t\t\t<span class=\"vcard author author_name\">\n\t\t\t\t<span class=\"fn\">ceren karadag<\/span>\n\t\t\t<\/span>\n\t\t<\/a>\n\t\t\t\t\t\t\t\t<\/li>\n\t\t\t\t\t\n\t\t\t\t\t\n\t\t\t\t\t\t\t\t\t\t\t\t<\/ul>\n\t\t\t\t\t\t<\/div><!-- .entry-meta -->\n\t\t\t\t\t\t\t\t<header class=\"entry-header\">\n\t\t\t\t\t\t\t\t\t<figure id=\"carousel-750\" class=\"entry-thumbnail\">\n\t\t\t\t\t\t\n\t\t\t\t\t\t\t<div class=\"post-img-wrapp\">\n\t\t\t\t\t\t\t\t<a href=\"https:\/\/cerenkaradag.com\/profesyonel-dis-beyazlatma-tedavisi\/\">\n\t\t\t\t\t\t\t\t\t<img width=\"680\" height=\"480\" src=\"https:\/\/cerenkaradag.com\/wp-content\/uploads\/2021\/08\/gulus-tasarimi-2.jpg\" class=\"attachment-large size-large\" alt=\"profesyonel-dis-beyazlatma\" decoding=\"async\" srcset=\"https:\/\/cerenkaradag.com\/wp-content\/uploads\/2021\/08\/gulus-tasarimi-2.jpg 680w, https:\/\/cerenkaradag.com\/wp-content\/uploads\/2021\/08\/gulus-tasarimi-2-400x281.jpg 400w, https:\/\/cerenkaradag.com\/wp-content\/uploads\/2021\/08\/gulus-tasarimi-2-430x304.jpg 430w, https:\/\/cerenkaradag.com\/wp-content\/uploads\/2021\/08\/gulus-tasarimi-2-150x106.jpg 150w\" sizes=\"(max-width: 680px) 100vw, 680px\" \/>\t\t\t\t\t\t\t\t<\/a>\n\t\t\t\t\t\t\t<\/div>\n\t\t\t\t\t\t\t<div class=\"post-image-mask\">\n\t\t\t\t\t\t\t\t<span><\/span>\n\t\t\t\t\t\t\t<\/div>\n\n\t\t\t\t\t\t\n\t\t\t\t\t<\/figure>\n\t\t\t\t\n\t\t\t\t\t\t\t\t\t\t\t\t<div class=\"post-date wd-post-date wd-style-with-bg\">\n\t\t\t\t<span class=\"post-date-day\">\n\t\t\t\t\t15\t\t\t\t<\/span>\n\t\t\t\t<span class=\"post-date-month\">\n\t\t\t\t\tEki\t\t\t\t<\/span>\n\t\t\t<\/div>\n\t\t\t\t\t\t\n\t\t\t<\/header><!-- .entry-header -->\n\n\t\t<div class=\"article-body-container\">\n\t\t\t\n\t\t\t\t\t\t\t\n\t\t\t\t                    <div class=\"entry-content wd-entry-content\">\n\t\t\t\t\t\t\u0130nci gibi beyaz di\u015flerle g\u00fcvenle g\u00fcl\u00fcmsemek ister misiniz?Profesyonel di\u015f beyazlatma tedavisi, zamanla sararan ve lekelenen di\u015flerin do...\n\t\t\t\t\t\t\t\t\t\t\t<\/div><!-- .entry-content -->\n\t\t\t\t\n\t\t\t\t\t\t\t\t\t\t\t\t\t\t<p class=\"read-more-section\">\n\t\t\t\t\t\t<a class=\"btn-read-more more-link\" href=\"https:\/\/cerenkaradag.com\/profesyonel-dis-beyazlatma-tedavisi\/\">okumaya devam et<\/a>\t\t\t\t\t<\/p>\n\t\t\t\t\t\t\t\t\t\t\t\n\t\t\t\t\t\t\t<div class=\"share-with-lines\">\n\t\t\t\t\t<span class=\"left-line\"><\/span>\n\t\t\t\t\t\t\t\t\t\t\t\t\t\t<link rel=\"stylesheet\" id=\"wd-social-icons-css\" href=\"https:\/\/cerenkaradag.com\/wp-content\/themes\/woodmart\/css\/parts\/el-social-icons.min.css?ver=7.6.0\" type=\"text\/css\" media=\"all\" \/> \t\t\t\n\t\t\t<div class=\" wd-social-icons icons-design-bordered icons-size-small color-scheme-dark social-share social-form-circle text-center\">\n\n\t\t\t\t\n\t\t\t\t\t\t\t\t\t<a rel=\"noopener noreferrer nofollow\" href=\"https:\/\/www.facebook.com\/sharer\/sharer.php?u=https:\/\/cerenkaradag.com\/profesyonel-dis-beyazlatma-tedavisi\/\" target=\"_blank\" class=\" wd-social-icon social-facebook\" aria-label=\"Facebook social link\">\n\t\t\t\t\t\t<span class=\"wd-icon\"><\/span>\n\t\t\t\t\t\t\t\t\t\t\t<\/a>\n\t\t\t\t\n\t\t\t\t\t\t\t\t\t<a rel=\"noopener noreferrer nofollow\" href=\"https:\/\/x.com\/share?url=https:\/\/cerenkaradag.com\/profesyonel-dis-beyazlatma-tedavisi\/\" target=\"_blank\" class=\" wd-social-icon social-twitter\" aria-label=\"X social link\">\n\t\t\t\t\t\t<span class=\"wd-icon\"><\/span>\n\t\t\t\t\t\t\t\t\t\t\t<\/a>\n\t\t\t\t\n\t\t\t\t\n\t\t\t\t\n\t\t\t\t\n\t\t\t\t\t\t\t\t\t<a rel=\"noopener noreferrer nofollow\" href=\"https:\/\/pinterest.com\/pin\/create\/button\/?url=https:\/\/cerenkaradag.com\/profesyonel-dis-beyazlatma-tedavisi\/&media=https:\/\/cerenkaradag.com\/wp-content\/uploads\/2021\/08\/gulus-tasarimi-2.jpg&description=Profesyonel+Di%C5%9F+Beyazlatma+%E2%80%93+Estetik+ve+Kal%C4%B1c%C4%B1+G%C3%BCl%C3%BC%C5%9F+%C3%87%C3%B6z%C3%BCmleri\" target=\"_blank\" class=\" wd-social-icon social-pinterest\" aria-label=\"Pinterest social link\">\n\t\t\t\t\t\t<span class=\"wd-icon\"><\/span>\n\t\t\t\t\t\t\t\t\t\t\t<\/a>\n\t\t\t\t\n\t\t\t\t\n\t\t\t\t\t\t\t\t\t<a rel=\"noopener noreferrer nofollow\" href=\"https:\/\/www.linkedin.com\/shareArticle?mini=true&url=https:\/\/cerenkaradag.com\/profesyonel-dis-beyazlatma-tedavisi\/\" target=\"_blank\" class=\" wd-social-icon social-linkedin\" aria-label=\"Linkedin social link\">\n\t\t\t\t\t\t<span class=\"wd-icon\"><\/span>\n\t\t\t\t\t\t\t\t\t\t\t<\/a>\n\t\t\t\t\n\t\t\t\t\n\t\t\t\t\n\t\t\t\t\n\t\t\t\t\n\t\t\t\t\n\t\t\t\t\n\t\t\t\t\n\t\t\t\t\n\t\t\t\t\n\t\t\t\t\t\t\t\t\n\t\t\t\t\t\t\t\t\n\t\t\t\t\n\t\t\t\t\n\t\t\t\t\n\t\t\t\t\t\t\t\t\t<a rel=\"noopener noreferrer nofollow\" href=\"https:\/\/telegram.me\/share\/url?url=https:\/\/cerenkaradag.com\/profesyonel-dis-beyazlatma-tedavisi\/\" target=\"_blank\" class=\" wd-social-icon social-tg\" aria-label=\"Telegram social link\">\n\t\t\t\t\t\t<span class=\"wd-icon\"><\/span>\n\t\t\t\t\t\t\t\t\t\t\t<\/a>\n\t\t\t\t\t\t\t\t\n\t\t\t\t\n\t\t\t<\/div>\n\n\t\t\t\t\t\t\t\t\t\t\t\t<span class=\"right-line\"><\/span>\n\t\t\t\t<\/div>\n\t\t\t\n\t\t\t\t\t<\/div>\n\t<\/div>\n<\/article><!-- #post -->\n\n\n\t\t\t\t\t\t\t\t\t\t\t\n<article id=\"post-465\" class=\"wd-post blog-design-default-alt blog-post-loop blog-style-bg wd-add-shadow wd-col post-465 post type-post status-publish format-standard has-post-thumbnail hentry category-blog\">\n\t<div class=\"article-inner\">\n\t\t\t\t\t\t\t\t\t<div class=\"meta-post-categories wd-post-cat wd-style-with-bg\"><a href=\"https:\/\/cerenkaradag.com\/blog\/\" rel=\"category tag\">Blog<\/a><\/div>\n\t\t\t\n\t\t\t\t\t\t\t<h3 class=\"wd-entities-title title post-title\">\n\t\t\t\t\t<a href=\"https:\/\/cerenkaradag.com\/implant-tedavisi-surec-ve-faydalari\/\" rel=\"bookmark\">\u0130mplant Tedavisi: S\u00fcre\u00e7 ve Faydalar\u0131<\/a>\n\t\t\t\t<\/h3>\n\t\t\t\n\t\t\t\t\t\t\t<div class=\"entry-meta wd-entry-meta\">\n\t\t\t\t\t\t\t\t<ul class=\"entry-meta-list\">\n\t\t\t\t\t\t\t\t\t<li class=\"modified-date\">\n\t\t\t\t\t\t\t\t<time class=\"updated\" datetime=\"2024-09-29T22:57:13+00:00\">\n\t\t\t09\/29\/2024\t\t<\/time>\n\t\t\t\t\t\t\t<\/li>\n\n\t\t\t\t\t\n\t\t\t\t\t\t\t\t\t\t\t<li class=\"meta-author\">\n\t\t\t\t\t\t\t\t\t\t\t\t<span>Yay\u0131nlayan:<\/span>\n\t\t\n\t\t\t\t\t<img alt='author-avatar' src='https:\/\/cerenkaradag.com\/wp-content\/litespeed\/avatar\/5645c9bd65b42f96dc9f006aa0a70082.jpg?ver=1788549044' srcset='https:\/\/cerenkaradag.com\/wp-content\/litespeed\/avatar\/8467426afb50ecfb313eaec49f29350a.jpg?ver=1788549044 2x' class='avatar avatar-32 photo' height='32' width='32' decoding='async'\/>\t\t\n\t\t<a href=\"https:\/\/cerenkaradag.com\/author\/cerenadminkaradag\/\" rel=\"author\">\n\t\t\t<span class=\"vcard author author_name\">\n\t\t\t\t<span class=\"fn\">ceren karadag<\/span>\n\t\t\t<\/span>\n\t\t<\/a>\n\t\t\t\t\t\t\t\t<\/li>\n\t\t\t\t\t\n\t\t\t\t\t\n\t\t\t\t\t\t\t\t\t\t\t\t<\/ul>\n\t\t\t\t\t\t<\/div><!-- .entry-meta -->\n\t\t\t\t\t\t\t\t<header class=\"entry-header\">\n\t\t\t\t\t\t\t\t\t<figure id=\"carousel-714\" class=\"entry-thumbnail\">\n\t\t\t\t\t\t\n\t\t\t\t\t\t\t<div class=\"post-img-wrapp\">\n\t\t\t\t\t\t\t\t<a href=\"https:\/\/cerenkaradag.com\/implant-tedavisi-surec-ve-faydalari\/\">\n\t\t\t\t\t\t\t\t\t<img width=\"1024\" height=\"720\" src=\"https:\/\/cerenkaradag.com\/wp-content\/uploads\/2021\/08\/implant-tedavisi.jpg\" class=\"attachment-large size-large\" alt=\"\" decoding=\"async\" srcset=\"https:\/\/cerenkaradag.com\/wp-content\/uploads\/2021\/08\/implant-tedavisi.jpg 1024w, https:\/\/cerenkaradag.com\/wp-content\/uploads\/2021\/08\/implant-tedavisi-400x281.jpg 400w, https:\/\/cerenkaradag.com\/wp-content\/uploads\/2021\/08\/implant-tedavisi-768x540.jpg 768w, https:\/\/cerenkaradag.com\/wp-content\/uploads\/2021\/08\/implant-tedavisi-430x302.jpg 430w, https:\/\/cerenkaradag.com\/wp-content\/uploads\/2021\/08\/implant-tedavisi-700x492.jpg 700w, https:\/\/cerenkaradag.com\/wp-content\/uploads\/2021\/08\/implant-tedavisi-150x105.jpg 150w\" sizes=\"(max-width: 1024px) 100vw, 1024px\" \/>\t\t\t\t\t\t\t\t<\/a>\n\t\t\t\t\t\t\t<\/div>\n\t\t\t\t\t\t\t<div class=\"post-image-mask\">\n\t\t\t\t\t\t\t\t<span><\/span>\n\t\t\t\t\t\t\t<\/div>\n\n\t\t\t\t\t\t\n\t\t\t\t\t<\/figure>\n\t\t\t\t\n\t\t\t\t\t\t\t\t\t\t\t\t<div class=\"post-date wd-post-date wd-style-with-bg\">\n\t\t\t\t<span class=\"post-date-day\">\n\t\t\t\t\t27\t\t\t\t<\/span>\n\t\t\t\t<span class=\"post-date-month\">\n\t\t\t\t\tA\u011fu\t\t\t\t<\/span>\n\t\t\t<\/div>\n\t\t\t\t\t\t\n\t\t\t<\/header><!-- .entry-header -->\n\n\t\t<div class=\"article-body-container\">\n\t\t\t\n\t\t\t\t\t\t\t\n\t\t\t\t                    <div class=\"entry-content wd-entry-content\">\n\t\t\t\t\t\tDi\u015f sa\u011fl\u0131\u011f\u0131, ya\u015fam kalitesini do\u011frudan etkileyen \u00f6nemli bir unsurdur. Di\u015f kay\u0131plar\u0131 hem estetik hem de fonksiyonel sorunlara yol a\u00e7abil...\n\t\t\t\t\t\t\t\t\t\t\t<\/div><!-- .entry-content -->\n\t\t\t\t\n\t\t\t\t\t\t\t\t\t\t\t\t\t\t<p class=\"read-more-section\">\n\t\t\t\t\t\t<a class=\"btn-read-more more-link\" href=\"https:\/\/cerenkaradag.com\/implant-tedavisi-surec-ve-faydalari\/\">okumaya devam et<\/a>\t\t\t\t\t<\/p>\n\t\t\t\t\t\t\t\t\t\t\t\n\t\t\t\t\t\t\t<div class=\"share-with-lines\">\n\t\t\t\t\t<span class=\"left-line\"><\/span>\n\t\t\t\t\t\t\t\t\t\t\t\n\t\t\t<div class=\" wd-social-icons icons-design-bordered icons-size-small color-scheme-dark social-share social-form-circle text-center\">\n\n\t\t\t\t\n\t\t\t\t\t\t\t\t\t<a rel=\"noopener noreferrer nofollow\" href=\"https:\/\/www.facebook.com\/sharer\/sharer.php?u=https:\/\/cerenkaradag.com\/implant-tedavisi-surec-ve-faydalari\/\" target=\"_blank\" class=\" wd-social-icon social-facebook\" aria-label=\"Facebook social link\">\n\t\t\t\t\t\t<span class=\"wd-icon\"><\/span>\n\t\t\t\t\t\t\t\t\t\t\t<\/a>\n\t\t\t\t\n\t\t\t\t\t\t\t\t\t<a rel=\"noopener noreferrer nofollow\" href=\"https:\/\/x.com\/share?url=https:\/\/cerenkaradag.com\/implant-tedavisi-surec-ve-faydalari\/\" target=\"_blank\" class=\" wd-social-icon social-twitter\" aria-label=\"X social link\">\n\t\t\t\t\t\t<span class=\"wd-icon\"><\/span>\n\t\t\t\t\t\t\t\t\t\t\t<\/a>\n\t\t\t\t\n\t\t\t\t\n\t\t\t\t\n\t\t\t\t\n\t\t\t\t\t\t\t\t\t<a rel=\"noopener noreferrer nofollow\" href=\"https:\/\/pinterest.com\/pin\/create\/button\/?url=https:\/\/cerenkaradag.com\/implant-tedavisi-surec-ve-faydalari\/&media=https:\/\/cerenkaradag.com\/wp-content\/uploads\/2021\/08\/implant-tedavisi.jpg&description=%C4%B0mplant+Tedavisi%3A+S%C3%BCre%C3%A7+ve+Faydalar%C4%B1\" target=\"_blank\" class=\" wd-social-icon social-pinterest\" aria-label=\"Pinterest social link\">\n\t\t\t\t\t\t<span class=\"wd-icon\"><\/span>\n\t\t\t\t\t\t\t\t\t\t\t<\/a>\n\t\t\t\t\n\t\t\t\t\n\t\t\t\t\t\t\t\t\t<a rel=\"noopener noreferrer nofollow\" href=\"https:\/\/www.linkedin.com\/shareArticle?mini=true&url=https:\/\/cerenkaradag.com\/implant-tedavisi-surec-ve-faydalari\/\" target=\"_blank\" class=\" wd-social-icon social-linkedin\" aria-label=\"Linkedin social link\">\n\t\t\t\t\t\t<span class=\"wd-icon\"><\/span>\n\t\t\t\t\t\t\t\t\t\t\t<\/a>\n\t\t\t\t\n\t\t\t\t\n\t\t\t\t\n\t\t\t\t\n\t\t\t\t\n\t\t\t\t\n\t\t\t\t\n\t\t\t\t\n\t\t\t\t\n\t\t\t\t\n\t\t\t\t\t\t\t\t\n\t\t\t\t\t\t\t\t\n\t\t\t\t\n\t\t\t\t\n\t\t\t\t\n\t\t\t\t\t\t\t\t\t<a rel=\"noopener noreferrer nofollow\" href=\"https:\/\/telegram.me\/share\/url?url=https:\/\/cerenkaradag.com\/implant-tedavisi-surec-ve-faydalari\/\" target=\"_blank\" class=\" wd-social-icon social-tg\" aria-label=\"Telegram social link\">\n\t\t\t\t\t\t<span class=\"wd-icon\"><\/span>\n\t\t\t\t\t\t\t\t\t\t\t<\/a>\n\t\t\t\t\t\t\t\t\n\t\t\t\t\n\t\t\t<\/div>\n\n\t\t\t\t\t\t\t\t\t\t\t\t<span class=\"right-line\"><\/span>\n\t\t\t\t<\/div>\n\t\t\t\n\t\t\t\t\t<\/div>\n\t<\/div>\n<\/article><!-- #post -->\n\n\n\t\t\t\t\t\t\t\t\t\t\t\n<article id=\"post-456\" class=\"wd-post blog-design-default-alt blog-post-loop blog-style-bg wd-add-shadow wd-col post-456 post type-post status-publish format-standard has-post-thumbnail hentry category-blog\">\n\t<div class=\"article-inner\">\n\t\t\t\t\t\t\t\t\t<div class=\"meta-post-categories wd-post-cat wd-style-with-bg\"><a href=\"https:\/\/cerenkaradag.com\/blog\/\" rel=\"category tag\">Blog<\/a><\/div>\n\t\t\t\n\t\t\t\t\t\t\t<h3 class=\"wd-entities-title title post-title\">\n\t\t\t\t\t<a href=\"https:\/\/cerenkaradag.com\/gulus-tasarimi-estetik-ve-fonksiyonel-bir-tedavi\/\" rel=\"bookmark\">G\u00fcl\u00fc\u015f Tasar\u0131m\u0131: Estetik ve Fonksiyonel Bir Tedavi<\/a>\n\t\t\t\t<\/h3>\n\t\t\t\n\t\t\t\t\t\t\t<div class=\"entry-meta wd-entry-meta\">\n\t\t\t\t\t\t\t\t<ul class=\"entry-meta-list\">\n\t\t\t\t\t\t\t\t\t<li class=\"modified-date\">\n\t\t\t\t\t\t\t\t<time class=\"updated\" datetime=\"2024-09-29T23:02:44+00:00\">\n\t\t\t09\/29\/2024\t\t<\/time>\n\t\t\t\t\t\t\t<\/li>\n\n\t\t\t\t\t\n\t\t\t\t\t\t\t\t\t\t\t<li class=\"meta-author\">\n\t\t\t\t\t\t\t\t\t\t\t\t<span>Yay\u0131nlayan:<\/span>\n\t\t\n\t\t\t\t\t<img alt='author-avatar' src='https:\/\/cerenkaradag.com\/wp-content\/litespeed\/avatar\/5645c9bd65b42f96dc9f006aa0a70082.jpg?ver=1788549044' srcset='https:\/\/cerenkaradag.com\/wp-content\/litespeed\/avatar\/8467426afb50ecfb313eaec49f29350a.jpg?ver=1788549044 2x' class='avatar avatar-32 photo' height='32' width='32' decoding='async'\/>\t\t\n\t\t<a href=\"https:\/\/cerenkaradag.com\/author\/cerenadminkaradag\/\" rel=\"author\">\n\t\t\t<span class=\"vcard author author_name\">\n\t\t\t\t<span class=\"fn\">ceren karadag<\/span>\n\t\t\t<\/span>\n\t\t<\/a>\n\t\t\t\t\t\t\t\t<\/li>\n\t\t\t\t\t\n\t\t\t\t\t\n\t\t\t\t\t\t\t\t\t\t\t\t<\/ul>\n\t\t\t\t\t\t<\/div><!-- .entry-meta -->\n\t\t\t\t\t\t\t\t<header class=\"entry-header\">\n\t\t\t\t\t\t\t\t\t<figure id=\"carousel-467\" class=\"entry-thumbnail\">\n\t\t\t\t\t\t\n\t\t\t\t\t\t\t<div class=\"post-img-wrapp\">\n\t\t\t\t\t\t\t\t<a href=\"https:\/\/cerenkaradag.com\/gulus-tasarimi-estetik-ve-fonksiyonel-bir-tedavi\/\">\n\t\t\t\t\t\t\t\t\t<img width=\"1024\" height=\"720\" src=\"https:\/\/cerenkaradag.com\/wp-content\/uploads\/2021\/08\/gulus-tasarimi.jpg\" class=\"attachment-large size-large\" alt=\"\" decoding=\"async\" srcset=\"https:\/\/cerenkaradag.com\/wp-content\/uploads\/2021\/08\/gulus-tasarimi.jpg 1024w, https:\/\/cerenkaradag.com\/wp-content\/uploads\/2021\/08\/gulus-tasarimi-400x281.jpg 400w, https:\/\/cerenkaradag.com\/wp-content\/uploads\/2021\/08\/gulus-tasarimi-768x540.jpg 768w, https:\/\/cerenkaradag.com\/wp-content\/uploads\/2021\/08\/gulus-tasarimi-430x302.jpg 430w, https:\/\/cerenkaradag.com\/wp-content\/uploads\/2021\/08\/gulus-tasarimi-700x492.jpg 700w, https:\/\/cerenkaradag.com\/wp-content\/uploads\/2021\/08\/gulus-tasarimi-150x105.jpg 150w\" sizes=\"(max-width: 1024px) 100vw, 1024px\" \/>\t\t\t\t\t\t\t\t<\/a>\n\t\t\t\t\t\t\t<\/div>\n\t\t\t\t\t\t\t<div class=\"post-image-mask\">\n\t\t\t\t\t\t\t\t<span><\/span>\n\t\t\t\t\t\t\t<\/div>\n\n\t\t\t\t\t\t\n\t\t\t\t\t<\/figure>\n\t\t\t\t\n\t\t\t\t\t\t\t\t\t\t\t\t<div class=\"post-date wd-post-date wd-style-with-bg\">\n\t\t\t\t<span class=\"post-date-day\">\n\t\t\t\t\t27\t\t\t\t<\/span>\n\t\t\t\t<span class=\"post-date-month\">\n\t\t\t\t\tA\u011fu\t\t\t\t<\/span>\n\t\t\t<\/div>\n\t\t\t\t\t\t\n\t\t\t<\/header><!-- .entry-header -->\n\n\t\t<div class=\"article-body-container\">\n\t\t\t\n\t\t\t\t\t\t\t\n\t\t\t\t                    <div class=\"entry-content wd-entry-content\">\n\t\t\t\t\t\tG\u00fcl\u00fc\u015f, ki\u015finin \u00f6zg\u00fcvenini etkileyen en \u00f6nemli unsurlardan biridir. G\u00fcl\u00fc\u015f tasar\u0131m\u0131, estetik di\u015f hekimli\u011fi alan\u0131nda geli\u015ftirilen bir teda...\n\t\t\t\t\t\t\t\t\t\t\t<\/div><!-- .entry-content -->\n\t\t\t\t\n\t\t\t\t\t\t\t\t\t\t\t\t\t\t<p class=\"read-more-section\">\n\t\t\t\t\t\t<a class=\"btn-read-more more-link\" href=\"https:\/\/cerenkaradag.com\/gulus-tasarimi-estetik-ve-fonksiyonel-bir-tedavi\/\">okumaya devam et<\/a>\t\t\t\t\t<\/p>\n\t\t\t\t\t\t\t\t\t\t\t\n\t\t\t\t\t\t\t<div class=\"share-with-lines\">\n\t\t\t\t\t<span class=\"left-line\"><\/span>\n\t\t\t\t\t\t\t\t\t\t\t\n\t\t\t<div class=\" wd-social-icons icons-design-bordered icons-size-small color-scheme-dark social-share social-form-circle text-center\">\n\n\t\t\t\t\n\t\t\t\t\t\t\t\t\t<a rel=\"noopener noreferrer nofollow\" href=\"https:\/\/www.facebook.com\/sharer\/sharer.php?u=https:\/\/cerenkaradag.com\/gulus-tasarimi-estetik-ve-fonksiyonel-bir-tedavi\/\" target=\"_blank\" class=\" wd-social-icon social-facebook\" aria-label=\"Facebook social link\">\n\t\t\t\t\t\t<span class=\"wd-icon\"><\/span>\n\t\t\t\t\t\t\t\t\t\t\t<\/a>\n\t\t\t\t\n\t\t\t\t\t\t\t\t\t<a rel=\"noopener noreferrer nofollow\" href=\"https:\/\/x.com\/share?url=https:\/\/cerenkaradag.com\/gulus-tasarimi-estetik-ve-fonksiyonel-bir-tedavi\/\" target=\"_blank\" class=\" wd-social-icon social-twitter\" aria-label=\"X social link\">\n\t\t\t\t\t\t<span class=\"wd-icon\"><\/span>\n\t\t\t\t\t\t\t\t\t\t\t<\/a>\n\t\t\t\t\n\t\t\t\t\n\t\t\t\t\n\t\t\t\t\n\t\t\t\t\t\t\t\t\t<a rel=\"noopener noreferrer nofollow\" href=\"https:\/\/pinterest.com\/pin\/create\/button\/?url=https:\/\/cerenkaradag.com\/gulus-tasarimi-estetik-ve-fonksiyonel-bir-tedavi\/&media=https:\/\/cerenkaradag.com\/wp-content\/uploads\/2021\/08\/gulus-tasarimi.jpg&description=G%C3%BCl%C3%BC%C5%9F+Tasar%C4%B1m%C4%B1%3A+Estetik+ve+Fonksiyonel+Bir+Tedavi\" target=\"_blank\" class=\" wd-social-icon social-pinterest\" aria-label=\"Pinterest social link\">\n\t\t\t\t\t\t<span class=\"wd-icon\"><\/span>\n\t\t\t\t\t\t\t\t\t\t\t<\/a>\n\t\t\t\t\n\t\t\t\t\n\t\t\t\t\t\t\t\t\t<a rel=\"noopener noreferrer nofollow\" href=\"https:\/\/www.linkedin.com\/shareArticle?mini=true&url=https:\/\/cerenkaradag.com\/gulus-tasarimi-estetik-ve-fonksiyonel-bir-tedavi\/\" target=\"_blank\" class=\" wd-social-icon social-linkedin\" aria-label=\"Linkedin social link\">\n\t\t\t\t\t\t<span class=\"wd-icon\"><\/span>\n\t\t\t\t\t\t\t\t\t\t\t<\/a>\n\t\t\t\t\n\t\t\t\t\n\t\t\t\t\n\t\t\t\t\n\t\t\t\t\n\t\t\t\t\n\t\t\t\t\n\t\t\t\t\n\t\t\t\t\n\t\t\t\t\n\t\t\t\t\t\t\t\t\n\t\t\t\t\t\t\t\t\n\t\t\t\t\n\t\t\t\t\n\t\t\t\t\n\t\t\t\t\t\t\t\t\t<a rel=\"noopener noreferrer nofollow\" href=\"https:\/\/telegram.me\/share\/url?url=https:\/\/cerenkaradag.com\/gulus-tasarimi-estetik-ve-fonksiyonel-bir-tedavi\/\" target=\"_blank\" class=\" wd-social-icon social-tg\" aria-label=\"Telegram social link\">\n\t\t\t\t\t\t<span class=\"wd-icon\"><\/span>\n\t\t\t\t\t\t\t\t\t\t\t<\/a>\n\t\t\t\t\t\t\t\t\n\t\t\t\t\n\t\t\t<\/div>\n\n\t\t\t\t\t\t\t\t\t\t\t\t<span class=\"right-line\"><\/span>\n\t\t\t\t<\/div>\n\t\t\t\n\t\t\t\t\t<\/div>\n\t<\/div>\n<\/article><!-- #post -->\n\n\n\t\t\t\t\t\t\t\t\t\t\t\n<article id=\"post-447\" class=\"wd-post blog-design-default-alt blog-post-loop blog-style-bg wd-add-shadow wd-col post-447 post type-post status-publish format-standard has-post-thumbnail hentry category-blog\">\n\t<div class=\"article-inner\">\n\t\t\t\t\t\t\t\t\t<div class=\"meta-post-categories wd-post-cat wd-style-with-bg\"><a href=\"https:\/\/cerenkaradag.com\/blog\/\" rel=\"category tag\">Blog<\/a><\/div>\n\t\t\t\n\t\t\t\t\t\t\t<h3 class=\"wd-entities-title title post-title\">\n\t\t\t\t\t<a href=\"https:\/\/cerenkaradag.com\/zirkonyum-dis-kaplama-dayaniklilik-ve-estetik\/\" rel=\"bookmark\">Zirkonyum Kaplama ile Do\u011fal G\u00fcl\u00fc\u015f Tasar\u0131m\u0131 | 2026 Estetik Di\u015f Hekimli\u011fi<\/a>\n\t\t\t\t<\/h3>\n\t\t\t\n\t\t\t\t\t\t\t<div class=\"entry-meta wd-entry-meta\">\n\t\t\t\t\t\t\t\t<ul class=\"entry-meta-list\">\n\t\t\t\t\t\t\t\t\t<li class=\"modified-date\">\n\t\t\t\t\t\t\t\t<time class=\"updated\" datetime=\"2026-06-13T23:06:11+00:00\">\n\t\t\t06\/13\/2026\t\t<\/time>\n\t\t\t\t\t\t\t<\/li>\n\n\t\t\t\t\t\n\t\t\t\t\t\t\t\t\t\t\t<li class=\"meta-author\">\n\t\t\t\t\t\t\t\t\t\t\t\t<span>Yay\u0131nlayan:<\/span>\n\t\t\n\t\t\t\t\t<img alt='author-avatar' src='https:\/\/cerenkaradag.com\/wp-content\/litespeed\/avatar\/5645c9bd65b42f96dc9f006aa0a70082.jpg?ver=1788549044' srcset='https:\/\/cerenkaradag.com\/wp-content\/litespeed\/avatar\/8467426afb50ecfb313eaec49f29350a.jpg?ver=1788549044 2x' class='avatar avatar-32 photo' height='32' width='32' decoding='async'\/>\t\t\n\t\t<a href=\"https:\/\/cerenkaradag.com\/author\/cerenadminkaradag\/\" rel=\"author\">\n\t\t\t<span class=\"vcard author author_name\">\n\t\t\t\t<span class=\"fn\">ceren karadag<\/span>\n\t\t\t<\/span>\n\t\t<\/a>\n\t\t\t\t\t\t\t\t<\/li>\n\t\t\t\t\t\n\t\t\t\t\t\n\t\t\t\t\t\t\t\t\t\t\t\t<\/ul>\n\t\t\t\t\t\t<\/div><!-- .entry-meta -->\n\t\t\t\t\t\t\t\t<header class=\"entry-header\">\n\t\t\t\t\t\t\t\t\t<figure id=\"carousel-494\" class=\"entry-thumbnail\">\n\t\t\t\t\t\t\n\t\t\t\t\t\t\t<div class=\"post-img-wrapp\">\n\t\t\t\t\t\t\t\t<a href=\"https:\/\/cerenkaradag.com\/zirkonyum-dis-kaplama-dayaniklilik-ve-estetik\/\">\n\t\t\t\t\t\t\t\t\t<img width=\"1024\" height=\"720\" src=\"https:\/\/cerenkaradag.com\/wp-content\/uploads\/2021\/08\/zirkonyum.jpg\" class=\"attachment-large size-large\" alt=\"\" decoding=\"async\" srcset=\"https:\/\/cerenkaradag.com\/wp-content\/uploads\/2021\/08\/zirkonyum.jpg 1024w, https:\/\/cerenkaradag.com\/wp-content\/uploads\/2021\/08\/zirkonyum-400x281.jpg 400w, https:\/\/cerenkaradag.com\/wp-content\/uploads\/2021\/08\/zirkonyum-768x540.jpg 768w, https:\/\/cerenkaradag.com\/wp-content\/uploads\/2021\/08\/zirkonyum-430x302.jpg 430w, https:\/\/cerenkaradag.com\/wp-content\/uploads\/2021\/08\/zirkonyum-700x492.jpg 700w, https:\/\/cerenkaradag.com\/wp-content\/uploads\/2021\/08\/zirkonyum-150x105.jpg 150w\" sizes=\"(max-width: 1024px) 100vw, 1024px\" \/>\t\t\t\t\t\t\t\t<\/a>\n\t\t\t\t\t\t\t<\/div>\n\t\t\t\t\t\t\t<div class=\"post-image-mask\">\n\t\t\t\t\t\t\t\t<span><\/span>\n\t\t\t\t\t\t\t<\/div>\n\n\t\t\t\t\t\t\n\t\t\t\t\t<\/figure>\n\t\t\t\t\n\t\t\t\t\t\t\t\t\t\t\t\t<div class=\"post-date wd-post-date wd-style-with-bg\">\n\t\t\t\t<span class=\"post-date-day\">\n\t\t\t\t\t27\t\t\t\t<\/span>\n\t\t\t\t<span class=\"post-date-month\">\n\t\t\t\t\tA\u011fu\t\t\t\t<\/span>\n\t\t\t<\/div>\n\t\t\t\t\t\t\n\t\t\t<\/header><!-- .entry-header -->\n\n\t\t<div class=\"article-body-container\">\n\t\t\t\n\t\t\t\t\t\t\t\n\t\t\t\t                    <div class=\"entry-content wd-entry-content\">\n\t\t\t\t\t\t<p>Zirkonyum kaplama ile m\u00fckemmel ve do\u011fal bir g\u00fcl\u00fc\u015fe kavu\u015fun. 2026 modern di\u015f hekimli\u011fi teknolojileriyle estetik, dayan\u0131kl\u0131 ve biyo-uyumlu zirkonyum di\u015f kaplama tedavi s\u00fcreci, \u00f6zellikleri ve avantajlar\u0131 hakk\u0131nda kapsaml\u0131 uzman rehberi.<\/p>\n\n\t\t\t\t\t\t\t\t\t\t\t<\/div><!-- .entry-content -->\n\t\t\t\t\n\t\t\t\t\t\t\t\t\t\t\t\t\t\t<p class=\"read-more-section\">\n\t\t\t\t\t\t<a class=\"btn-read-more more-link\" href=\"https:\/\/cerenkaradag.com\/zirkonyum-dis-kaplama-dayaniklilik-ve-estetik\/\">okumaya devam et<\/a>\t\t\t\t\t<\/p>\n\t\t\t\t\t\t\t\t\t\t\t\n\t\t\t\t\t\t\t<div class=\"share-with-lines\">\n\t\t\t\t\t<span class=\"left-line\"><\/span>\n\t\t\t\t\t\t\t\t\t\t\t\n\t\t\t<div class=\" wd-social-icons icons-design-bordered icons-size-small color-scheme-dark social-share social-form-circle text-center\">\n\n\t\t\t\t\n\t\t\t\t\t\t\t\t\t<a rel=\"noopener noreferrer nofollow\" href=\"https:\/\/www.facebook.com\/sharer\/sharer.php?u=https:\/\/cerenkaradag.com\/zirkonyum-dis-kaplama-dayaniklilik-ve-estetik\/\" target=\"_blank\" class=\" wd-social-icon social-facebook\" aria-label=\"Facebook social link\">\n\t\t\t\t\t\t<span class=\"wd-icon\"><\/span>\n\t\t\t\t\t\t\t\t\t\t\t<\/a>\n\t\t\t\t\n\t\t\t\t\t\t\t\t\t<a rel=\"noopener noreferrer nofollow\" href=\"https:\/\/x.com\/share?url=https:\/\/cerenkaradag.com\/zirkonyum-dis-kaplama-dayaniklilik-ve-estetik\/\" target=\"_blank\" class=\" wd-social-icon social-twitter\" aria-label=\"X social link\">\n\t\t\t\t\t\t<span class=\"wd-icon\"><\/span>\n\t\t\t\t\t\t\t\t\t\t\t<\/a>\n\t\t\t\t\n\t\t\t\t\n\t\t\t\t\n\t\t\t\t\n\t\t\t\t\t\t\t\t\t<a rel=\"noopener noreferrer nofollow\" href=\"https:\/\/pinterest.com\/pin\/create\/button\/?url=https:\/\/cerenkaradag.com\/zirkonyum-dis-kaplama-dayaniklilik-ve-estetik\/&media=https:\/\/cerenkaradag.com\/wp-content\/uploads\/2021\/08\/zirkonyum.jpg&description=Zirkonyum+Kaplama+ile+Do%C4%9Fal+G%C3%BCl%C3%BC%C5%9F+Tasar%C4%B1m%C4%B1+%7C+2026+Estetik+Di%C5%9F+Hekimli%C4%9Fi\" target=\"_blank\" class=\" wd-social-icon social-pinterest\" aria-label=\"Pinterest social link\">\n\t\t\t\t\t\t<span class=\"wd-icon\"><\/span>\n\t\t\t\t\t\t\t\t\t\t\t<\/a>\n\t\t\t\t\n\t\t\t\t\n\t\t\t\t\t\t\t\t\t<a rel=\"noopener noreferrer nofollow\" href=\"https:\/\/www.linkedin.com\/shareArticle?mini=true&url=https:\/\/cerenkaradag.com\/zirkonyum-dis-kaplama-dayaniklilik-ve-estetik\/\" target=\"_blank\" class=\" wd-social-icon social-linkedin\" aria-label=\"Linkedin social link\">\n\t\t\t\t\t\t<span class=\"wd-icon\"><\/span>\n\t\t\t\t\t\t\t\t\t\t\t<\/a>\n\t\t\t\t\n\t\t\t\t\n\t\t\t\t\n\t\t\t\t\n\t\t\t\t\n\t\t\t\t\n\t\t\t\t\n\t\t\t\t\n\t\t\t\t\n\t\t\t\t\n\t\t\t\t\t\t\t\t\n\t\t\t\t\t\t\t\t\n\t\t\t\t\n\t\t\t\t\n\t\t\t\t\n\t\t\t\t\t\t\t\t\t<a rel=\"noopener noreferrer nofollow\" href=\"https:\/\/telegram.me\/share\/url?url=https:\/\/cerenkaradag.com\/zirkonyum-dis-kaplama-dayaniklilik-ve-estetik\/\" target=\"_blank\" class=\" wd-social-icon social-tg\" aria-label=\"Telegram social link\">\n\t\t\t\t\t\t<span class=\"wd-icon\"><\/span>\n\t\t\t\t\t\t\t\t\t\t\t<\/a>\n\t\t\t\t\t\t\t\t\n\t\t\t\t\n\t\t\t<\/div>\n\n\t\t\t\t\t\t\t\t\t\t\t\t<span class=\"right-line\"><\/span>\n\t\t\t\t<\/div>\n\t\t\t\n\t\t\t\t\t<\/div>\n\t<\/div>\n<\/article><!-- #post -->\n\n\n\t\t\t\t\t\n\t\t\t\t\t","status":"no-more-posts","nextPage":"?woo_ajax=1","currentPage":"https:\/\/cerenkaradag.com\/blog\/page\/21"}