
			
				

					
				

			
		{"items":"\n\t\t\t\t\t\t\t\t\t\t\t\n<article id=\"post-24429\" class=\"wd-post blog-design-default-alt blog-post-loop blog-style-bg wd-add-shadow wd-col post-24429 post type-post status-publish format-standard has-post-thumbnail hentry category-blog\">\n\t<div class=\"article-inner\">\n\t\t\t\t\t\t\t\t\t<div class=\"meta-post-categories wd-post-cat wd-style-with-bg\"><a href=\"https:\/\/cerenkaradag.com\/blog\/\" rel=\"category tag\">Blog<\/a><\/div>\n\t\t\t\n\t\t\t\t\t\t\t<h3 class=\"wd-entities-title title post-title\">\n\t\t\t\t\t<a href=\"https:\/\/cerenkaradag.com\/dis-eti-cekilmesi-neden-olur\/\" rel=\"bookmark\">Di\u015f Eti \u00c7ekilmesi (Gingival Resesiyon)<\/a>\n\t\t\t\t<\/h3>\n\t\t\t\n\t\t\t\t\t\t\t<div class=\"entry-meta wd-entry-meta\">\n\t\t\t\t\t\t\t\t<ul class=\"entry-meta-list\">\n\t\t\t\t\t\t\t\t\t<li class=\"modified-date\">\n\t\t\t\t\t\t\t\t<time class=\"updated\" datetime=\"2026-07-05T14:51:42+00:00\">\n\t\t\t07\/05\/2026\t\t<\/time>\n\t\t\t\t\t\t\t<\/li>\n\n\t\t\t\t\t\n\t\t\t\t\t\t\t\t\t\t\t<li class=\"meta-author\">\n\t\t\t\t\t\t\t\t\t\t\t\t<span>Yay\u0131nlayan:<\/span>\n\t\t\n\t\t\t\t\t<img alt='author-avatar' src='https:\/\/cerenkaradag.com\/wp-content\/litespeed\/avatar\/5645c9bd65b42f96dc9f006aa0a70082.jpg?ver=1788549044' srcset='https:\/\/cerenkaradag.com\/wp-content\/litespeed\/avatar\/8467426afb50ecfb313eaec49f29350a.jpg?ver=1788549044 2x' class='avatar avatar-32 photo' height='32' width='32' decoding='async'\/>\t\t\n\t\t<a href=\"https:\/\/cerenkaradag.com\/author\/cerenadminkaradag\/\" rel=\"author\">\n\t\t\t<span class=\"vcard author author_name\">\n\t\t\t\t<span class=\"fn\">ceren karadag<\/span>\n\t\t\t<\/span>\n\t\t<\/a>\n\t\t\t\t\t\t\t\t<\/li>\n\t\t\t\t\t\n\t\t\t\t\t\n\t\t\t\t\t\t\t\t\t\t\t\t<\/ul>\n\t\t\t\t\t\t<\/div><!-- .entry-meta -->\n\t\t\t\t\t\t\t\t<header class=\"entry-header\">\n\t\t\t\t\t\t\t\t\t<figure id=\"carousel-562\" class=\"entry-thumbnail\">\n\t\t\t\t\t\t\n\t\t\t\t\t\t\t<div class=\"post-img-wrapp\">\n\t\t\t\t\t\t\t\t<a href=\"https:\/\/cerenkaradag.com\/dis-eti-cekilmesi-neden-olur\/\">\n\t\t\t\t\t\t\t\t\t<img width=\"1300\" height=\"726\" src=\"https:\/\/cerenkaradag.com\/wp-content\/uploads\/2026\/06\/Dis-Eti-Cekilmesi-Gingival-Resesiyon-Nedenleri-Belirtileri-ve-Tedavisi-1300x726.png\" class=\"attachment-large size-large\" alt=\"\" decoding=\"async\" srcset=\"https:\/\/cerenkaradag.com\/wp-content\/uploads\/2026\/06\/Dis-Eti-Cekilmesi-Gingival-Resesiyon-Nedenleri-Belirtileri-ve-Tedavisi-1300x726.png 1300w, https:\/\/cerenkaradag.com\/wp-content\/uploads\/2026\/06\/Dis-Eti-Cekilmesi-Gingival-Resesiyon-Nedenleri-Belirtileri-ve-Tedavisi-400x223.png 400w, https:\/\/cerenkaradag.com\/wp-content\/uploads\/2026\/06\/Dis-Eti-Cekilmesi-Gingival-Resesiyon-Nedenleri-Belirtileri-ve-Tedavisi-768x429.png 768w, https:\/\/cerenkaradag.com\/wp-content\/uploads\/2026\/06\/Dis-Eti-Cekilmesi-Gingival-Resesiyon-Nedenleri-Belirtileri-ve-Tedavisi-1536x857.png 1536w, https:\/\/cerenkaradag.com\/wp-content\/uploads\/2026\/06\/Dis-Eti-Cekilmesi-Gingival-Resesiyon-Nedenleri-Belirtileri-ve-Tedavisi-2048x1143.png 2048w\" sizes=\"(max-width: 1300px) 100vw, 1300px\" \/>\t\t\t\t\t\t\t\t<\/a>\n\t\t\t\t\t\t\t<\/div>\n\t\t\t\t\t\t\t<div class=\"post-image-mask\">\n\t\t\t\t\t\t\t\t<span><\/span>\n\t\t\t\t\t\t\t<\/div>\n\n\t\t\t\t\t\t\n\t\t\t\t\t<\/figure>\n\t\t\t\t\n\t\t\t\t\t\t\t\t\t\t\t\t<div class=\"post-date wd-post-date wd-style-with-bg\">\n\t\t\t\t<span class=\"post-date-day\">\n\t\t\t\t\t09\t\t\t\t<\/span>\n\t\t\t\t<span class=\"post-date-month\">\n\t\t\t\t\tTem\t\t\t\t<\/span>\n\t\t\t<\/div>\n\t\t\t\t\t\t\n\t\t\t<\/header><!-- .entry-header -->\n\n\t\t<div class=\"article-body-container\">\n\t\t\t\n\t\t\t\t\t\t\t\n\t\t\t\t                    <div class=\"entry-content wd-entry-content\">\n\t\t\t\t\t\t<p>Di\u015f eti neden \u00e7ekilir, nas\u0131l anla\u015f\u0131l\u0131r ve tedavi edilir? Gingival resesiyon belirtileri, risk fakt\u00f6rleri ve tedavi se\u00e7enekleri. Dr. Ceren Karada\u011f \u2013 \u0130stanbul.<\/p>\n\n\t\t\t\t\t\t\t\t\t\t\t<\/div><!-- .entry-content -->\n\t\t\t\t\n\t\t\t\t\t\t\t\t\t\t\t\t\t\t<p class=\"read-more-section\">\n\t\t\t\t\t\t<a class=\"btn-read-more more-link\" href=\"https:\/\/cerenkaradag.com\/dis-eti-cekilmesi-neden-olur\/\">okumaya devam et<\/a>\t\t\t\t\t<\/p>\n\t\t\t\t\t\t\t\t\t\t\t\n\t\t\t\t\t\t\t<div class=\"share-with-lines\">\n\t\t\t\t\t<span class=\"left-line\"><\/span>\n\t\t\t\t\t\t\t\t\t\t\t\t\t\t<link rel=\"stylesheet\" id=\"wd-social-icons-css\" href=\"https:\/\/cerenkaradag.com\/wp-content\/themes\/woodmart\/css\/parts\/el-social-icons.min.css?ver=7.6.0\" type=\"text\/css\" media=\"all\" \/> \t\t\t\n\t\t\t<div class=\" wd-social-icons icons-design-bordered icons-size-small color-scheme-dark social-share social-form-circle text-center\">\n\n\t\t\t\t\n\t\t\t\t\t\t\t\t\t<a rel=\"noopener noreferrer nofollow\" href=\"https:\/\/www.facebook.com\/sharer\/sharer.php?u=https:\/\/cerenkaradag.com\/dis-eti-cekilmesi-neden-olur\/\" target=\"_blank\" class=\" wd-social-icon social-facebook\" aria-label=\"Facebook social link\">\n\t\t\t\t\t\t<span class=\"wd-icon\"><\/span>\n\t\t\t\t\t\t\t\t\t\t\t<\/a>\n\t\t\t\t\n\t\t\t\t\t\t\t\t\t<a rel=\"noopener noreferrer nofollow\" href=\"https:\/\/x.com\/share?url=https:\/\/cerenkaradag.com\/dis-eti-cekilmesi-neden-olur\/\" target=\"_blank\" class=\" wd-social-icon social-twitter\" aria-label=\"X social link\">\n\t\t\t\t\t\t<span class=\"wd-icon\"><\/span>\n\t\t\t\t\t\t\t\t\t\t\t<\/a>\n\t\t\t\t\n\t\t\t\t\n\t\t\t\t\n\t\t\t\t\n\t\t\t\t\t\t\t\t\t<a rel=\"noopener noreferrer nofollow\" href=\"https:\/\/pinterest.com\/pin\/create\/button\/?url=https:\/\/cerenkaradag.com\/dis-eti-cekilmesi-neden-olur\/&media=https:\/\/cerenkaradag.com\/wp-content\/uploads\/2026\/06\/Dis-Eti-Cekilmesi-Gingival-Resesiyon-Nedenleri-Belirtileri-ve-Tedavisi-scaled.png&description=Di%C5%9F+Eti+%C3%87ekilmesi+%28Gingival+Resesiyon%29\" target=\"_blank\" class=\" wd-social-icon social-pinterest\" aria-label=\"Pinterest social link\">\n\t\t\t\t\t\t<span class=\"wd-icon\"><\/span>\n\t\t\t\t\t\t\t\t\t\t\t<\/a>\n\t\t\t\t\n\t\t\t\t\n\t\t\t\t\t\t\t\t\t<a rel=\"noopener noreferrer nofollow\" href=\"https:\/\/www.linkedin.com\/shareArticle?mini=true&url=https:\/\/cerenkaradag.com\/dis-eti-cekilmesi-neden-olur\/\" target=\"_blank\" class=\" wd-social-icon social-linkedin\" aria-label=\"Linkedin social link\">\n\t\t\t\t\t\t<span class=\"wd-icon\"><\/span>\n\t\t\t\t\t\t\t\t\t\t\t<\/a>\n\t\t\t\t\n\t\t\t\t\n\t\t\t\t\n\t\t\t\t\n\t\t\t\t\n\t\t\t\t\n\t\t\t\t\n\t\t\t\t\n\t\t\t\t\n\t\t\t\t\n\t\t\t\t\t\t\t\t\n\t\t\t\t\t\t\t\t\n\t\t\t\t\n\t\t\t\t\n\t\t\t\t\n\t\t\t\t\t\t\t\t\t<a rel=\"noopener noreferrer nofollow\" href=\"https:\/\/telegram.me\/share\/url?url=https:\/\/cerenkaradag.com\/dis-eti-cekilmesi-neden-olur\/\" target=\"_blank\" class=\" wd-social-icon social-tg\" aria-label=\"Telegram social link\">\n\t\t\t\t\t\t<span class=\"wd-icon\"><\/span>\n\t\t\t\t\t\t\t\t\t\t\t<\/a>\n\t\t\t\t\t\t\t\t\n\t\t\t\t\n\t\t\t<\/div>\n\n\t\t\t\t\t\t\t\t\t\t\t\t<span class=\"right-line\"><\/span>\n\t\t\t\t<\/div>\n\t\t\t\n\t\t\t\t\t<\/div>\n\t<\/div>\n<\/article><!-- #post -->\n\n\n\t\t\t\t\t\t\t\t\t\t\t\n<article id=\"post-24428\" class=\"wd-post blog-design-default-alt blog-post-loop blog-style-bg wd-add-shadow wd-col post-24428 post type-post status-publish format-standard has-post-thumbnail hentry category-blog\">\n\t<div class=\"article-inner\">\n\t\t\t\t\t\t\t\t\t<div class=\"meta-post-categories wd-post-cat wd-style-with-bg\"><a href=\"https:\/\/cerenkaradag.com\/blog\/\" rel=\"category tag\">Blog<\/a><\/div>\n\t\t\t\n\t\t\t\t\t\t\t<h3 class=\"wd-entities-title title post-title\">\n\t\t\t\t\t<a href=\"https:\/\/cerenkaradag.com\/kompozit-lamina-nedir-porselen-lamina-farki\/\" rel=\"bookmark\">Kompozit Lamina Nedir?<\/a>\n\t\t\t\t<\/h3>\n\t\t\t\n\t\t\t\t\t\t\t<div class=\"entry-meta wd-entry-meta\">\n\t\t\t\t\t\t\t\t<ul class=\"entry-meta-list\">\n\t\t\t\t\t\t\t\t\t<li class=\"modified-date\">\n\t\t\t\t\t\t\t\t<time class=\"updated\" datetime=\"2026-07-05T14:47:19+00:00\">\n\t\t\t07\/05\/2026\t\t<\/time>\n\t\t\t\t\t\t\t<\/li>\n\n\t\t\t\t\t\n\t\t\t\t\t\t\t\t\t\t\t<li class=\"meta-author\">\n\t\t\t\t\t\t\t\t\t\t\t\t<span>Yay\u0131nlayan:<\/span>\n\t\t\n\t\t\t\t\t<img alt='author-avatar' src='https:\/\/cerenkaradag.com\/wp-content\/litespeed\/avatar\/5645c9bd65b42f96dc9f006aa0a70082.jpg?ver=1788549044' srcset='https:\/\/cerenkaradag.com\/wp-content\/litespeed\/avatar\/8467426afb50ecfb313eaec49f29350a.jpg?ver=1788549044 2x' class='avatar avatar-32 photo' height='32' width='32' decoding='async'\/>\t\t\n\t\t<a href=\"https:\/\/cerenkaradag.com\/author\/cerenadminkaradag\/\" rel=\"author\">\n\t\t\t<span class=\"vcard author author_name\">\n\t\t\t\t<span class=\"fn\">ceren karadag<\/span>\n\t\t\t<\/span>\n\t\t<\/a>\n\t\t\t\t\t\t\t\t<\/li>\n\t\t\t\t\t\n\t\t\t\t\t\n\t\t\t\t\t\t\t\t\t\t\t\t<\/ul>\n\t\t\t\t\t\t<\/div><!-- .entry-meta -->\n\t\t\t\t\t\t\t\t<header class=\"entry-header\">\n\t\t\t\t\t\t\t\t\t<figure id=\"carousel-318\" class=\"entry-thumbnail\">\n\t\t\t\t\t\t\n\t\t\t\t\t\t\t<div class=\"post-img-wrapp\">\n\t\t\t\t\t\t\t\t<a href=\"https:\/\/cerenkaradag.com\/kompozit-lamina-nedir-porselen-lamina-farki\/\">\n\t\t\t\t\t\t\t\t\t<img width=\"1300\" height=\"709\" src=\"https:\/\/cerenkaradag.com\/wp-content\/uploads\/2026\/06\/Kompozit-Lamina-Nedir-1300x709.png\" class=\"attachment-large size-large\" alt=\"\" decoding=\"async\" srcset=\"https:\/\/cerenkaradag.com\/wp-content\/uploads\/2026\/06\/Kompozit-Lamina-Nedir-1300x709.png 1300w, https:\/\/cerenkaradag.com\/wp-content\/uploads\/2026\/06\/Kompozit-Lamina-Nedir-400x218.png 400w, https:\/\/cerenkaradag.com\/wp-content\/uploads\/2026\/06\/Kompozit-Lamina-Nedir-768x419.png 768w, https:\/\/cerenkaradag.com\/wp-content\/uploads\/2026\/06\/Kompozit-Lamina-Nedir-1536x838.png 1536w, https:\/\/cerenkaradag.com\/wp-content\/uploads\/2026\/06\/Kompozit-Lamina-Nedir-2048x1117.png 2048w\" sizes=\"(max-width: 1300px) 100vw, 1300px\" \/>\t\t\t\t\t\t\t\t<\/a>\n\t\t\t\t\t\t\t<\/div>\n\t\t\t\t\t\t\t<div class=\"post-image-mask\">\n\t\t\t\t\t\t\t\t<span><\/span>\n\t\t\t\t\t\t\t<\/div>\n\n\t\t\t\t\t\t\n\t\t\t\t\t<\/figure>\n\t\t\t\t\n\t\t\t\t\t\t\t\t\t\t\t\t<div class=\"post-date wd-post-date wd-style-with-bg\">\n\t\t\t\t<span class=\"post-date-day\">\n\t\t\t\t\t07\t\t\t\t<\/span>\n\t\t\t\t<span class=\"post-date-month\">\n\t\t\t\t\tTem\t\t\t\t<\/span>\n\t\t\t<\/div>\n\t\t\t\t\t\t\n\t\t\t<\/header><!-- .entry-header -->\n\n\t\t<div class=\"article-body-container\">\n\t\t\t\n\t\t\t\t\t\t\t\n\t\t\t\t                    <div class=\"entry-content wd-entry-content\">\n\t\t\t\t\t\t<p>Kompozit lamina ile porselen lamina aras\u0131ndaki farklar neler? Hangi durumlarda hangisi tercih edilir? Dr. Ceren Karada\u011f \u2013 Uzman Di\u015fhekimi \u0130stanbul.<\/p>\n\n\t\t\t\t\t\t\t\t\t\t\t<\/div><!-- .entry-content -->\n\t\t\t\t\n\t\t\t\t\t\t\t\t\t\t\t\t\t\t<p class=\"read-more-section\">\n\t\t\t\t\t\t<a class=\"btn-read-more more-link\" href=\"https:\/\/cerenkaradag.com\/kompozit-lamina-nedir-porselen-lamina-farki\/\">okumaya devam et<\/a>\t\t\t\t\t<\/p>\n\t\t\t\t\t\t\t\t\t\t\t\n\t\t\t\t\t\t\t<div class=\"share-with-lines\">\n\t\t\t\t\t<span class=\"left-line\"><\/span>\n\t\t\t\t\t\t\t\t\t\t\t\n\t\t\t<div class=\" wd-social-icons icons-design-bordered icons-size-small color-scheme-dark social-share social-form-circle text-center\">\n\n\t\t\t\t\n\t\t\t\t\t\t\t\t\t<a rel=\"noopener noreferrer nofollow\" href=\"https:\/\/www.facebook.com\/sharer\/sharer.php?u=https:\/\/cerenkaradag.com\/kompozit-lamina-nedir-porselen-lamina-farki\/\" target=\"_blank\" class=\" wd-social-icon social-facebook\" aria-label=\"Facebook social link\">\n\t\t\t\t\t\t<span class=\"wd-icon\"><\/span>\n\t\t\t\t\t\t\t\t\t\t\t<\/a>\n\t\t\t\t\n\t\t\t\t\t\t\t\t\t<a rel=\"noopener noreferrer nofollow\" href=\"https:\/\/x.com\/share?url=https:\/\/cerenkaradag.com\/kompozit-lamina-nedir-porselen-lamina-farki\/\" target=\"_blank\" class=\" wd-social-icon social-twitter\" aria-label=\"X social link\">\n\t\t\t\t\t\t<span class=\"wd-icon\"><\/span>\n\t\t\t\t\t\t\t\t\t\t\t<\/a>\n\t\t\t\t\n\t\t\t\t\n\t\t\t\t\n\t\t\t\t\n\t\t\t\t\t\t\t\t\t<a rel=\"noopener noreferrer nofollow\" href=\"https:\/\/pinterest.com\/pin\/create\/button\/?url=https:\/\/cerenkaradag.com\/kompozit-lamina-nedir-porselen-lamina-farki\/&media=https:\/\/cerenkaradag.com\/wp-content\/uploads\/2026\/06\/Kompozit-Lamina-Nedir-scaled.png&description=Kompozit+Lamina+Nedir%3F\" target=\"_blank\" class=\" wd-social-icon social-pinterest\" aria-label=\"Pinterest social link\">\n\t\t\t\t\t\t<span class=\"wd-icon\"><\/span>\n\t\t\t\t\t\t\t\t\t\t\t<\/a>\n\t\t\t\t\n\t\t\t\t\n\t\t\t\t\t\t\t\t\t<a rel=\"noopener noreferrer nofollow\" href=\"https:\/\/www.linkedin.com\/shareArticle?mini=true&url=https:\/\/cerenkaradag.com\/kompozit-lamina-nedir-porselen-lamina-farki\/\" target=\"_blank\" class=\" wd-social-icon social-linkedin\" aria-label=\"Linkedin social link\">\n\t\t\t\t\t\t<span class=\"wd-icon\"><\/span>\n\t\t\t\t\t\t\t\t\t\t\t<\/a>\n\t\t\t\t\n\t\t\t\t\n\t\t\t\t\n\t\t\t\t\n\t\t\t\t\n\t\t\t\t\n\t\t\t\t\n\t\t\t\t\n\t\t\t\t\n\t\t\t\t\n\t\t\t\t\t\t\t\t\n\t\t\t\t\t\t\t\t\n\t\t\t\t\n\t\t\t\t\n\t\t\t\t\n\t\t\t\t\t\t\t\t\t<a rel=\"noopener noreferrer nofollow\" href=\"https:\/\/telegram.me\/share\/url?url=https:\/\/cerenkaradag.com\/kompozit-lamina-nedir-porselen-lamina-farki\/\" target=\"_blank\" class=\" wd-social-icon social-tg\" aria-label=\"Telegram social link\">\n\t\t\t\t\t\t<span class=\"wd-icon\"><\/span>\n\t\t\t\t\t\t\t\t\t\t\t<\/a>\n\t\t\t\t\t\t\t\t\n\t\t\t\t\n\t\t\t<\/div>\n\n\t\t\t\t\t\t\t\t\t\t\t\t<span class=\"right-line\"><\/span>\n\t\t\t\t<\/div>\n\t\t\t\n\t\t\t\t\t<\/div>\n\t<\/div>\n<\/article><!-- #post -->\n\n\n\t\t\t\t\t\t\t\t\t\t\t\n<article id=\"post-24427\" class=\"wd-post blog-design-default-alt blog-post-loop blog-style-bg wd-add-shadow wd-col post-24427 post type-post status-publish format-standard has-post-thumbnail hentry category-blog\">\n\t<div class=\"article-inner\">\n\t\t\t\t\t\t\t\t\t<div class=\"meta-post-categories wd-post-cat wd-style-with-bg\"><a href=\"https:\/\/cerenkaradag.com\/blog\/\" rel=\"category tag\">Blog<\/a><\/div>\n\t\t\t\n\t\t\t\t\t\t\t<h3 class=\"wd-entities-title title post-title\">\n\t\t\t\t\t<a href=\"https:\/\/cerenkaradag.com\/dis-curugu-neden-olusur-belirtileri-tedavisi-2026\/\" rel=\"bookmark\">Di\u015f \u00c7\u00fcr\u00fc\u011f\u00fc Neden Olu\u015fur?<\/a>\n\t\t\t\t<\/h3>\n\t\t\t\n\t\t\t\t\t\t\t<div class=\"entry-meta wd-entry-meta\">\n\t\t\t\t\t\t\t\t<ul class=\"entry-meta-list\">\n\t\t\t\t\t\t\t\t\t<li class=\"modified-date\">\n\t\t\t\t\t\t\t\t<time class=\"updated\" datetime=\"2026-07-05T14:45:34+00:00\">\n\t\t\t07\/05\/2026\t\t<\/time>\n\t\t\t\t\t\t\t<\/li>\n\n\t\t\t\t\t\n\t\t\t\t\t\t\t\t\t\t\t<li class=\"meta-author\">\n\t\t\t\t\t\t\t\t\t\t\t\t<span>Yay\u0131nlayan:<\/span>\n\t\t\n\t\t\t\t\t<img alt='author-avatar' src='https:\/\/cerenkaradag.com\/wp-content\/litespeed\/avatar\/5645c9bd65b42f96dc9f006aa0a70082.jpg?ver=1788549044' srcset='https:\/\/cerenkaradag.com\/wp-content\/litespeed\/avatar\/8467426afb50ecfb313eaec49f29350a.jpg?ver=1788549044 2x' class='avatar avatar-32 photo' height='32' width='32' decoding='async'\/>\t\t\n\t\t<a href=\"https:\/\/cerenkaradag.com\/author\/cerenadminkaradag\/\" rel=\"author\">\n\t\t\t<span class=\"vcard author author_name\">\n\t\t\t\t<span class=\"fn\">ceren karadag<\/span>\n\t\t\t<\/span>\n\t\t<\/a>\n\t\t\t\t\t\t\t\t<\/li>\n\t\t\t\t\t\n\t\t\t\t\t\n\t\t\t\t\t\t\t\t\t\t\t\t<\/ul>\n\t\t\t\t\t\t<\/div><!-- .entry-meta -->\n\t\t\t\t\t\t\t\t<header class=\"entry-header\">\n\t\t\t\t\t\t\t\t\t<figure id=\"carousel-232\" class=\"entry-thumbnail\">\n\t\t\t\t\t\t\n\t\t\t\t\t\t\t<div class=\"post-img-wrapp\">\n\t\t\t\t\t\t\t\t<a href=\"https:\/\/cerenkaradag.com\/dis-curugu-neden-olusur-belirtileri-tedavisi-2026\/\">\n\t\t\t\t\t\t\t\t\t<img width=\"1300\" height=\"726\" src=\"https:\/\/cerenkaradag.com\/wp-content\/uploads\/2026\/07\/Dis-Curugu-Neden-Olusur-2-1300x726.png\" class=\"attachment-large size-large\" alt=\"\" decoding=\"async\" srcset=\"https:\/\/cerenkaradag.com\/wp-content\/uploads\/2026\/07\/Dis-Curugu-Neden-Olusur-2-1300x726.png 1300w, https:\/\/cerenkaradag.com\/wp-content\/uploads\/2026\/07\/Dis-Curugu-Neden-Olusur-2-400x223.png 400w, https:\/\/cerenkaradag.com\/wp-content\/uploads\/2026\/07\/Dis-Curugu-Neden-Olusur-2-768x429.png 768w, https:\/\/cerenkaradag.com\/wp-content\/uploads\/2026\/07\/Dis-Curugu-Neden-Olusur-2-1536x857.png 1536w, https:\/\/cerenkaradag.com\/wp-content\/uploads\/2026\/07\/Dis-Curugu-Neden-Olusur-2-2048x1143.png 2048w\" sizes=\"(max-width: 1300px) 100vw, 1300px\" \/>\t\t\t\t\t\t\t\t<\/a>\n\t\t\t\t\t\t\t<\/div>\n\t\t\t\t\t\t\t<div class=\"post-image-mask\">\n\t\t\t\t\t\t\t\t<span><\/span>\n\t\t\t\t\t\t\t<\/div>\n\n\t\t\t\t\t\t\n\t\t\t\t\t<\/figure>\n\t\t\t\t\n\t\t\t\t\t\t\t\t\t\t\t\t<div class=\"post-date wd-post-date wd-style-with-bg\">\n\t\t\t\t<span class=\"post-date-day\">\n\t\t\t\t\t04\t\t\t\t<\/span>\n\t\t\t\t<span class=\"post-date-month\">\n\t\t\t\t\tTem\t\t\t\t<\/span>\n\t\t\t<\/div>\n\t\t\t\t\t\t\n\t\t\t<\/header><!-- .entry-header -->\n\n\t\t<div class=\"article-body-container\">\n\t\t\t\n\t\t\t\t\t\t\t\n\t\t\t\t                    <div class=\"entry-content wd-entry-content\">\n\t\t\t\t\t\t<p>Di\u015f \u00e7\u00fcr\u00fc\u011f\u00fc neden olu\u015fur, nas\u0131l anla\u015f\u0131l\u0131r? \u00c7\u00fcr\u00fc\u011f\u00fcn 5 evresi, belirtileri ve tedavi y\u00f6ntemleri. Dr. Ceren Karada\u011f \u2013 Uzman Di\u015fhekimi \u0130stanbul.<\/p>\n\n\t\t\t\t\t\t\t\t\t\t\t<\/div><!-- .entry-content -->\n\t\t\t\t\n\t\t\t\t\t\t\t\t\t\t\t\t\t\t<p class=\"read-more-section\">\n\t\t\t\t\t\t<a class=\"btn-read-more more-link\" href=\"https:\/\/cerenkaradag.com\/dis-curugu-neden-olusur-belirtileri-tedavisi-2026\/\">okumaya devam et<\/a>\t\t\t\t\t<\/p>\n\t\t\t\t\t\t\t\t\t\t\t\n\t\t\t\t\t\t\t<div class=\"share-with-lines\">\n\t\t\t\t\t<span class=\"left-line\"><\/span>\n\t\t\t\t\t\t\t\t\t\t\t\n\t\t\t<div class=\" wd-social-icons icons-design-bordered icons-size-small color-scheme-dark social-share social-form-circle text-center\">\n\n\t\t\t\t\n\t\t\t\t\t\t\t\t\t<a rel=\"noopener noreferrer nofollow\" href=\"https:\/\/www.facebook.com\/sharer\/sharer.php?u=https:\/\/cerenkaradag.com\/dis-curugu-neden-olusur-belirtileri-tedavisi-2026\/\" target=\"_blank\" class=\" wd-social-icon social-facebook\" aria-label=\"Facebook social link\">\n\t\t\t\t\t\t<span class=\"wd-icon\"><\/span>\n\t\t\t\t\t\t\t\t\t\t\t<\/a>\n\t\t\t\t\n\t\t\t\t\t\t\t\t\t<a rel=\"noopener noreferrer nofollow\" href=\"https:\/\/x.com\/share?url=https:\/\/cerenkaradag.com\/dis-curugu-neden-olusur-belirtileri-tedavisi-2026\/\" target=\"_blank\" class=\" wd-social-icon social-twitter\" aria-label=\"X social link\">\n\t\t\t\t\t\t<span class=\"wd-icon\"><\/span>\n\t\t\t\t\t\t\t\t\t\t\t<\/a>\n\t\t\t\t\n\t\t\t\t\n\t\t\t\t\n\t\t\t\t\n\t\t\t\t\t\t\t\t\t<a rel=\"noopener noreferrer nofollow\" href=\"https:\/\/pinterest.com\/pin\/create\/button\/?url=https:\/\/cerenkaradag.com\/dis-curugu-neden-olusur-belirtileri-tedavisi-2026\/&media=https:\/\/cerenkaradag.com\/wp-content\/uploads\/2026\/07\/Dis-Curugu-Neden-Olusur-2-scaled.png&description=Di%C5%9F+%C3%87%C3%BCr%C3%BC%C4%9F%C3%BC+Neden+Olu%C5%9Fur%3F\" target=\"_blank\" class=\" wd-social-icon social-pinterest\" aria-label=\"Pinterest social link\">\n\t\t\t\t\t\t<span class=\"wd-icon\"><\/span>\n\t\t\t\t\t\t\t\t\t\t\t<\/a>\n\t\t\t\t\n\t\t\t\t\n\t\t\t\t\t\t\t\t\t<a rel=\"noopener noreferrer nofollow\" href=\"https:\/\/www.linkedin.com\/shareArticle?mini=true&url=https:\/\/cerenkaradag.com\/dis-curugu-neden-olusur-belirtileri-tedavisi-2026\/\" target=\"_blank\" class=\" wd-social-icon social-linkedin\" aria-label=\"Linkedin social link\">\n\t\t\t\t\t\t<span class=\"wd-icon\"><\/span>\n\t\t\t\t\t\t\t\t\t\t\t<\/a>\n\t\t\t\t\n\t\t\t\t\n\t\t\t\t\n\t\t\t\t\n\t\t\t\t\n\t\t\t\t\n\t\t\t\t\n\t\t\t\t\n\t\t\t\t\n\t\t\t\t\n\t\t\t\t\t\t\t\t\n\t\t\t\t\t\t\t\t\n\t\t\t\t\n\t\t\t\t\n\t\t\t\t\n\t\t\t\t\t\t\t\t\t<a rel=\"noopener noreferrer nofollow\" href=\"https:\/\/telegram.me\/share\/url?url=https:\/\/cerenkaradag.com\/dis-curugu-neden-olusur-belirtileri-tedavisi-2026\/\" target=\"_blank\" class=\" wd-social-icon social-tg\" aria-label=\"Telegram social link\">\n\t\t\t\t\t\t<span class=\"wd-icon\"><\/span>\n\t\t\t\t\t\t\t\t\t\t\t<\/a>\n\t\t\t\t\t\t\t\t\n\t\t\t\t\n\t\t\t<\/div>\n\n\t\t\t\t\t\t\t\t\t\t\t\t<span class=\"right-line\"><\/span>\n\t\t\t\t<\/div>\n\t\t\t\n\t\t\t\t\t<\/div>\n\t<\/div>\n<\/article><!-- #post -->\n\n\n\t\t\t\t\t\t\t\t\t\t\t\n<article id=\"post-24426\" class=\"wd-post blog-design-default-alt blog-post-loop blog-style-bg wd-add-shadow wd-col post-24426 post type-post status-publish format-standard has-post-thumbnail hentry category-blog\">\n\t<div class=\"article-inner\">\n\t\t\t\t\t\t\t\t\t<div class=\"meta-post-categories wd-post-cat wd-style-with-bg\"><a href=\"https:\/\/cerenkaradag.com\/blog\/\" rel=\"category tag\">Blog<\/a><\/div>\n\t\t\t\n\t\t\t\t\t\t\t<h3 class=\"wd-entities-title title post-title\">\n\t\t\t\t\t<a href=\"https:\/\/cerenkaradag.com\/dis-protezleri-nedir-hareketli-sabit-implant-2026\/\" rel=\"bookmark\">Di\u015f Protezleri Nedir?\u00a0<\/a>\n\t\t\t\t<\/h3>\n\t\t\t\n\t\t\t\t\t\t\t<div class=\"entry-meta wd-entry-meta\">\n\t\t\t\t\t\t\t\t<ul class=\"entry-meta-list\">\n\t\t\t\t\t\t\t\t\t<li class=\"modified-date\">\n\t\t\t\t\t\t\t\t<time class=\"updated\" datetime=\"2026-07-05T14:45:54+00:00\">\n\t\t\t07\/05\/2026\t\t<\/time>\n\t\t\t\t\t\t\t<\/li>\n\n\t\t\t\t\t\n\t\t\t\t\t\t\t\t\t\t\t<li class=\"meta-author\">\n\t\t\t\t\t\t\t\t\t\t\t\t<span>Yay\u0131nlayan:<\/span>\n\t\t\n\t\t\t\t\t<img alt='author-avatar' src='https:\/\/cerenkaradag.com\/wp-content\/litespeed\/avatar\/5645c9bd65b42f96dc9f006aa0a70082.jpg?ver=1788549044' srcset='https:\/\/cerenkaradag.com\/wp-content\/litespeed\/avatar\/8467426afb50ecfb313eaec49f29350a.jpg?ver=1788549044 2x' class='avatar avatar-32 photo' height='32' width='32' decoding='async'\/>\t\t\n\t\t<a href=\"https:\/\/cerenkaradag.com\/author\/cerenadminkaradag\/\" rel=\"author\">\n\t\t\t<span class=\"vcard author author_name\">\n\t\t\t\t<span class=\"fn\">ceren karadag<\/span>\n\t\t\t<\/span>\n\t\t<\/a>\n\t\t\t\t\t\t\t\t<\/li>\n\t\t\t\t\t\n\t\t\t\t\t\n\t\t\t\t\t\t\t\t\t\t\t\t<\/ul>\n\t\t\t\t\t\t<\/div><!-- .entry-meta -->\n\t\t\t\t\t\t\t\t<header class=\"entry-header\">\n\t\t\t\t\t\t\t\t\t<figure id=\"carousel-406\" class=\"entry-thumbnail\">\n\t\t\t\t\t\t\n\t\t\t\t\t\t\t<div class=\"post-img-wrapp\">\n\t\t\t\t\t\t\t\t<a href=\"https:\/\/cerenkaradag.com\/dis-protezleri-nedir-hareketli-sabit-implant-2026\/\">\n\t\t\t\t\t\t\t\t\t<img width=\"1300\" height=\"726\" src=\"https:\/\/cerenkaradag.com\/wp-content\/uploads\/2026\/06\/Dis-Protezleri-Nedir-1300x726.png\" class=\"attachment-large size-large\" alt=\"Di\u015f Protezleri Nedir\" decoding=\"async\" srcset=\"https:\/\/cerenkaradag.com\/wp-content\/uploads\/2026\/06\/Dis-Protezleri-Nedir-1300x726.png 1300w, https:\/\/cerenkaradag.com\/wp-content\/uploads\/2026\/06\/Dis-Protezleri-Nedir-400x223.png 400w, https:\/\/cerenkaradag.com\/wp-content\/uploads\/2026\/06\/Dis-Protezleri-Nedir-768x429.png 768w, https:\/\/cerenkaradag.com\/wp-content\/uploads\/2026\/06\/Dis-Protezleri-Nedir-1536x857.png 1536w, https:\/\/cerenkaradag.com\/wp-content\/uploads\/2026\/06\/Dis-Protezleri-Nedir-2048x1143.png 2048w\" sizes=\"(max-width: 1300px) 100vw, 1300px\" \/>\t\t\t\t\t\t\t\t<\/a>\n\t\t\t\t\t\t\t<\/div>\n\t\t\t\t\t\t\t<div class=\"post-image-mask\">\n\t\t\t\t\t\t\t\t<span><\/span>\n\t\t\t\t\t\t\t<\/div>\n\n\t\t\t\t\t\t\n\t\t\t\t\t<\/figure>\n\t\t\t\t\n\t\t\t\t\t\t\t\t\t\t\t\t<div class=\"post-date wd-post-date wd-style-with-bg\">\n\t\t\t\t<span class=\"post-date-day\">\n\t\t\t\t\t02\t\t\t\t<\/span>\n\t\t\t\t<span class=\"post-date-month\">\n\t\t\t\t\tTem\t\t\t\t<\/span>\n\t\t\t<\/div>\n\t\t\t\t\t\t\n\t\t\t<\/header><!-- .entry-header -->\n\n\t\t<div class=\"article-body-container\">\n\t\t\t\n\t\t\t\t\t\t\t\n\t\t\t\t                    <div class=\"entry-content wd-entry-content\">\n\t\t\t\t\t\t<p>Di\u015f protezi nedir, ka\u00e7 \u00e7e\u015fidi var? Hareketli, sabit k\u00f6pr\u00fc ve implant destekli protez fark\u0131, avantajlar\u0131 ve kimlere uygun oldu\u011fu. Dr. Ceren Karada\u011f \u2013 \u0130stanbul.<\/p>\n\n\t\t\t\t\t\t\t\t\t\t\t<\/div><!-- .entry-content -->\n\t\t\t\t\n\t\t\t\t\t\t\t\t\t\t\t\t\t\t<p class=\"read-more-section\">\n\t\t\t\t\t\t<a class=\"btn-read-more more-link\" href=\"https:\/\/cerenkaradag.com\/dis-protezleri-nedir-hareketli-sabit-implant-2026\/\">okumaya devam et<\/a>\t\t\t\t\t<\/p>\n\t\t\t\t\t\t\t\t\t\t\t\n\t\t\t\t\t\t\t<div class=\"share-with-lines\">\n\t\t\t\t\t<span class=\"left-line\"><\/span>\n\t\t\t\t\t\t\t\t\t\t\t\n\t\t\t<div class=\" wd-social-icons icons-design-bordered icons-size-small color-scheme-dark social-share social-form-circle text-center\">\n\n\t\t\t\t\n\t\t\t\t\t\t\t\t\t<a rel=\"noopener noreferrer nofollow\" href=\"https:\/\/www.facebook.com\/sharer\/sharer.php?u=https:\/\/cerenkaradag.com\/dis-protezleri-nedir-hareketli-sabit-implant-2026\/\" target=\"_blank\" class=\" wd-social-icon social-facebook\" aria-label=\"Facebook social link\">\n\t\t\t\t\t\t<span class=\"wd-icon\"><\/span>\n\t\t\t\t\t\t\t\t\t\t\t<\/a>\n\t\t\t\t\n\t\t\t\t\t\t\t\t\t<a rel=\"noopener noreferrer nofollow\" href=\"https:\/\/x.com\/share?url=https:\/\/cerenkaradag.com\/dis-protezleri-nedir-hareketli-sabit-implant-2026\/\" target=\"_blank\" class=\" wd-social-icon social-twitter\" aria-label=\"X social link\">\n\t\t\t\t\t\t<span class=\"wd-icon\"><\/span>\n\t\t\t\t\t\t\t\t\t\t\t<\/a>\n\t\t\t\t\n\t\t\t\t\n\t\t\t\t\n\t\t\t\t\n\t\t\t\t\t\t\t\t\t<a rel=\"noopener noreferrer nofollow\" href=\"https:\/\/pinterest.com\/pin\/create\/button\/?url=https:\/\/cerenkaradag.com\/dis-protezleri-nedir-hareketli-sabit-implant-2026\/&media=https:\/\/cerenkaradag.com\/wp-content\/uploads\/2026\/06\/Dis-Protezleri-Nedir-scaled.png&description=Di%C5%9F+Protezleri+Nedir%3F%C2%A0\" target=\"_blank\" class=\" wd-social-icon social-pinterest\" aria-label=\"Pinterest social link\">\n\t\t\t\t\t\t<span class=\"wd-icon\"><\/span>\n\t\t\t\t\t\t\t\t\t\t\t<\/a>\n\t\t\t\t\n\t\t\t\t\n\t\t\t\t\t\t\t\t\t<a rel=\"noopener noreferrer nofollow\" href=\"https:\/\/www.linkedin.com\/shareArticle?mini=true&url=https:\/\/cerenkaradag.com\/dis-protezleri-nedir-hareketli-sabit-implant-2026\/\" target=\"_blank\" class=\" wd-social-icon social-linkedin\" aria-label=\"Linkedin social link\">\n\t\t\t\t\t\t<span class=\"wd-icon\"><\/span>\n\t\t\t\t\t\t\t\t\t\t\t<\/a>\n\t\t\t\t\n\t\t\t\t\n\t\t\t\t\n\t\t\t\t\n\t\t\t\t\n\t\t\t\t\n\t\t\t\t\n\t\t\t\t\n\t\t\t\t\n\t\t\t\t\n\t\t\t\t\t\t\t\t\n\t\t\t\t\t\t\t\t\n\t\t\t\t\n\t\t\t\t\n\t\t\t\t\n\t\t\t\t\t\t\t\t\t<a rel=\"noopener noreferrer nofollow\" href=\"https:\/\/telegram.me\/share\/url?url=https:\/\/cerenkaradag.com\/dis-protezleri-nedir-hareketli-sabit-implant-2026\/\" target=\"_blank\" class=\" wd-social-icon social-tg\" aria-label=\"Telegram social link\">\n\t\t\t\t\t\t<span class=\"wd-icon\"><\/span>\n\t\t\t\t\t\t\t\t\t\t\t<\/a>\n\t\t\t\t\t\t\t\t\n\t\t\t\t\n\t\t\t<\/div>\n\n\t\t\t\t\t\t\t\t\t\t\t\t<span class=\"right-line\"><\/span>\n\t\t\t\t<\/div>\n\t\t\t\n\t\t\t\t\t<\/div>\n\t<\/div>\n<\/article><!-- #post -->\n\n\n\t\t\t\t\t\t\t\t\t\t\t\n<article id=\"post-24419\" class=\"wd-post blog-design-default-alt blog-post-loop blog-style-bg wd-add-shadow wd-col post-24419 post type-post status-publish format-standard has-post-thumbnail hentry category-blog\">\n\t<div class=\"article-inner\">\n\t\t\t\t\t\t\t\t\t<div class=\"meta-post-categories wd-post-cat wd-style-with-bg\"><a href=\"https:\/\/cerenkaradag.com\/blog\/\" rel=\"category tag\">Blog<\/a><\/div>\n\t\t\t\n\t\t\t\t\t\t\t<h3 class=\"wd-entities-title title post-title\">\n\t\t\t\t\t<a href=\"https:\/\/cerenkaradag.com\/zirkonyum-kaplama-bakimi-nasil-korunur\/\" rel=\"bookmark\">Zirkonyum Kaplama Bak\u0131m\u0131<\/a>\n\t\t\t\t<\/h3>\n\t\t\t\n\t\t\t\t\t\t\t<div class=\"entry-meta wd-entry-meta\">\n\t\t\t\t\t\t\t\t<ul class=\"entry-meta-list\">\n\t\t\t\t\t\t\t\t\t<li class=\"modified-date\">\n\t\t\t\t\t\t\t\t<time class=\"updated\" datetime=\"2026-07-05T14:46:12+00:00\">\n\t\t\t07\/05\/2026\t\t<\/time>\n\t\t\t\t\t\t\t<\/li>\n\n\t\t\t\t\t\n\t\t\t\t\t\t\t\t\t\t\t<li class=\"meta-author\">\n\t\t\t\t\t\t\t\t\t\t\t\t<span>Yay\u0131nlayan:<\/span>\n\t\t\n\t\t\t\t\t<img alt='author-avatar' src='https:\/\/cerenkaradag.com\/wp-content\/litespeed\/avatar\/5645c9bd65b42f96dc9f006aa0a70082.jpg?ver=1788549044' srcset='https:\/\/cerenkaradag.com\/wp-content\/litespeed\/avatar\/8467426afb50ecfb313eaec49f29350a.jpg?ver=1788549044 2x' class='avatar avatar-32 photo' height='32' width='32' decoding='async'\/>\t\t\n\t\t<a href=\"https:\/\/cerenkaradag.com\/author\/cerenadminkaradag\/\" rel=\"author\">\n\t\t\t<span class=\"vcard author author_name\">\n\t\t\t\t<span class=\"fn\">ceren karadag<\/span>\n\t\t\t<\/span>\n\t\t<\/a>\n\t\t\t\t\t\t\t\t<\/li>\n\t\t\t\t\t\n\t\t\t\t\t\n\t\t\t\t\t\t\t\t\t\t\t\t<\/ul>\n\t\t\t\t\t\t<\/div><!-- .entry-meta -->\n\t\t\t\t\t\t\t\t<header class=\"entry-header\">\n\t\t\t\t\t\t\t\t\t<figure id=\"carousel-789\" class=\"entry-thumbnail\">\n\t\t\t\t\t\t\n\t\t\t\t\t\t\t<div class=\"post-img-wrapp\">\n\t\t\t\t\t\t\t\t<a href=\"https:\/\/cerenkaradag.com\/zirkonyum-kaplama-bakimi-nasil-korunur\/\">\n\t\t\t\t\t\t\t\t\t<img width=\"1300\" height=\"726\" src=\"https:\/\/cerenkaradag.com\/wp-content\/uploads\/2026\/06\/Zirkonyum-Kaplama-Bakimi-Uzun-Yillar-Nasil-Korunur-1300x726.png\" class=\"attachment-large size-large\" alt=\"Zirkonyum Kaplama Bak\u0131m\u0131 Uzun Y\u0131llar Nas\u0131l Korunur\" decoding=\"async\" srcset=\"https:\/\/cerenkaradag.com\/wp-content\/uploads\/2026\/06\/Zirkonyum-Kaplama-Bakimi-Uzun-Yillar-Nasil-Korunur-1300x726.png 1300w, https:\/\/cerenkaradag.com\/wp-content\/uploads\/2026\/06\/Zirkonyum-Kaplama-Bakimi-Uzun-Yillar-Nasil-Korunur-400x223.png 400w, https:\/\/cerenkaradag.com\/wp-content\/uploads\/2026\/06\/Zirkonyum-Kaplama-Bakimi-Uzun-Yillar-Nasil-Korunur-768x429.png 768w, https:\/\/cerenkaradag.com\/wp-content\/uploads\/2026\/06\/Zirkonyum-Kaplama-Bakimi-Uzun-Yillar-Nasil-Korunur-1536x857.png 1536w, https:\/\/cerenkaradag.com\/wp-content\/uploads\/2026\/06\/Zirkonyum-Kaplama-Bakimi-Uzun-Yillar-Nasil-Korunur-2048x1143.png 2048w\" sizes=\"(max-width: 1300px) 100vw, 1300px\" \/>\t\t\t\t\t\t\t\t<\/a>\n\t\t\t\t\t\t\t<\/div>\n\t\t\t\t\t\t\t<div class=\"post-image-mask\">\n\t\t\t\t\t\t\t\t<span><\/span>\n\t\t\t\t\t\t\t<\/div>\n\n\t\t\t\t\t\t\n\t\t\t\t\t<\/figure>\n\t\t\t\t\n\t\t\t\t\t\t\t\t\t\t\t\t<div class=\"post-date wd-post-date wd-style-with-bg\">\n\t\t\t\t<span class=\"post-date-day\">\n\t\t\t\t\t30\t\t\t\t<\/span>\n\t\t\t\t<span class=\"post-date-month\">\n\t\t\t\t\tHaz\t\t\t\t<\/span>\n\t\t\t<\/div>\n\t\t\t\t\t\t\n\t\t\t<\/header><!-- .entry-header -->\n\n\t\t<div class=\"article-body-container\">\n\t\t\t\n\t\t\t\t\t\t\t\n\t\t\t\t                    <div class=\"entry-content wd-entry-content\">\n\t\t\t\t\t\t<p>Zirkonyum di\u015f kaplama ne kadar dayan\u0131r, nas\u0131l bak\u0131m yap\u0131l\u0131r? \u00d6mr\u00fcn\u00fc uzatacak al\u0131\u015fkanl\u0131klar ve ka\u00e7\u0131n\u0131lmas\u0131 gerekenler. Dr. Ceren Karada\u011f \u2013 \u0130stanbul.<\/p>\n\n\t\t\t\t\t\t\t\t\t\t\t<\/div><!-- .entry-content -->\n\t\t\t\t\n\t\t\t\t\t\t\t\t\t\t\t\t\t\t<p class=\"read-more-section\">\n\t\t\t\t\t\t<a class=\"btn-read-more more-link\" href=\"https:\/\/cerenkaradag.com\/zirkonyum-kaplama-bakimi-nasil-korunur\/\">okumaya devam et<\/a>\t\t\t\t\t<\/p>\n\t\t\t\t\t\t\t\t\t\t\t\n\t\t\t\t\t\t\t<div class=\"share-with-lines\">\n\t\t\t\t\t<span class=\"left-line\"><\/span>\n\t\t\t\t\t\t\t\t\t\t\t\n\t\t\t<div class=\" wd-social-icons icons-design-bordered icons-size-small color-scheme-dark social-share social-form-circle text-center\">\n\n\t\t\t\t\n\t\t\t\t\t\t\t\t\t<a rel=\"noopener noreferrer nofollow\" href=\"https:\/\/www.facebook.com\/sharer\/sharer.php?u=https:\/\/cerenkaradag.com\/zirkonyum-kaplama-bakimi-nasil-korunur\/\" target=\"_blank\" class=\" wd-social-icon social-facebook\" aria-label=\"Facebook social link\">\n\t\t\t\t\t\t<span class=\"wd-icon\"><\/span>\n\t\t\t\t\t\t\t\t\t\t\t<\/a>\n\t\t\t\t\n\t\t\t\t\t\t\t\t\t<a rel=\"noopener noreferrer nofollow\" href=\"https:\/\/x.com\/share?url=https:\/\/cerenkaradag.com\/zirkonyum-kaplama-bakimi-nasil-korunur\/\" target=\"_blank\" class=\" wd-social-icon social-twitter\" aria-label=\"X social link\">\n\t\t\t\t\t\t<span class=\"wd-icon\"><\/span>\n\t\t\t\t\t\t\t\t\t\t\t<\/a>\n\t\t\t\t\n\t\t\t\t\n\t\t\t\t\n\t\t\t\t\n\t\t\t\t\t\t\t\t\t<a rel=\"noopener noreferrer nofollow\" href=\"https:\/\/pinterest.com\/pin\/create\/button\/?url=https:\/\/cerenkaradag.com\/zirkonyum-kaplama-bakimi-nasil-korunur\/&media=https:\/\/cerenkaradag.com\/wp-content\/uploads\/2026\/06\/Zirkonyum-Kaplama-Bakimi-Uzun-Yillar-Nasil-Korunur-scaled.png&description=Zirkonyum+Kaplama+Bak%C4%B1m%C4%B1\" target=\"_blank\" class=\" wd-social-icon social-pinterest\" aria-label=\"Pinterest social link\">\n\t\t\t\t\t\t<span class=\"wd-icon\"><\/span>\n\t\t\t\t\t\t\t\t\t\t\t<\/a>\n\t\t\t\t\n\t\t\t\t\n\t\t\t\t\t\t\t\t\t<a rel=\"noopener noreferrer nofollow\" href=\"https:\/\/www.linkedin.com\/shareArticle?mini=true&url=https:\/\/cerenkaradag.com\/zirkonyum-kaplama-bakimi-nasil-korunur\/\" target=\"_blank\" class=\" wd-social-icon social-linkedin\" aria-label=\"Linkedin social link\">\n\t\t\t\t\t\t<span class=\"wd-icon\"><\/span>\n\t\t\t\t\t\t\t\t\t\t\t<\/a>\n\t\t\t\t\n\t\t\t\t\n\t\t\t\t\n\t\t\t\t\n\t\t\t\t\n\t\t\t\t\n\t\t\t\t\n\t\t\t\t\n\t\t\t\t\n\t\t\t\t\n\t\t\t\t\t\t\t\t\n\t\t\t\t\t\t\t\t\n\t\t\t\t\n\t\t\t\t\n\t\t\t\t\n\t\t\t\t\t\t\t\t\t<a rel=\"noopener noreferrer nofollow\" href=\"https:\/\/telegram.me\/share\/url?url=https:\/\/cerenkaradag.com\/zirkonyum-kaplama-bakimi-nasil-korunur\/\" target=\"_blank\" class=\" wd-social-icon social-tg\" aria-label=\"Telegram social link\">\n\t\t\t\t\t\t<span class=\"wd-icon\"><\/span>\n\t\t\t\t\t\t\t\t\t\t\t<\/a>\n\t\t\t\t\t\t\t\t\n\t\t\t\t\n\t\t\t<\/div>\n\n\t\t\t\t\t\t\t\t\t\t\t\t<span class=\"right-line\"><\/span>\n\t\t\t\t<\/div>\n\t\t\t\n\t\t\t\t\t<\/div>\n\t<\/div>\n<\/article><!-- #post -->\n\n\n\t\t\t\t\t\t\t\t\t\t\t\n<article id=\"post-24411\" class=\"wd-post blog-design-default-alt blog-post-loop blog-style-bg wd-add-shadow wd-col post-24411 post type-post status-publish format-standard has-post-thumbnail hentry category-blog\">\n\t<div class=\"article-inner\">\n\t\t\t\t\t\t\t\t\t<div class=\"meta-post-categories wd-post-cat wd-style-with-bg\"><a href=\"https:\/\/cerenkaradag.com\/blog\/\" rel=\"category tag\">Blog<\/a><\/div>\n\t\t\t\n\t\t\t\t\t\t\t<h3 class=\"wd-entities-title title post-title\">\n\t\t\t\t\t<a href=\"https:\/\/cerenkaradag.com\/dis-eti-estetigi-gummy-smile-nedir\/\" rel=\"bookmark\">Di\u015f Eti Esteti\u011fi (Gummy Smile) Nedir?<\/a>\n\t\t\t\t<\/h3>\n\t\t\t\n\t\t\t\t\t\t\t<div class=\"entry-meta wd-entry-meta\">\n\t\t\t\t\t\t\t\t<ul class=\"entry-meta-list\">\n\t\t\t\t\t\t\t\t\t<li class=\"modified-date\">\n\t\t\t\t\t\t\t\t<time class=\"updated\" datetime=\"2026-07-05T14:45:15+00:00\">\n\t\t\t07\/05\/2026\t\t<\/time>\n\t\t\t\t\t\t\t<\/li>\n\n\t\t\t\t\t\n\t\t\t\t\t\t\t\t\t\t\t<li class=\"meta-author\">\n\t\t\t\t\t\t\t\t\t\t\t\t<span>Yay\u0131nlayan:<\/span>\n\t\t\n\t\t\t\t\t<img alt='author-avatar' src='https:\/\/cerenkaradag.com\/wp-content\/litespeed\/avatar\/5645c9bd65b42f96dc9f006aa0a70082.jpg?ver=1788549044' srcset='https:\/\/cerenkaradag.com\/wp-content\/litespeed\/avatar\/8467426afb50ecfb313eaec49f29350a.jpg?ver=1788549044 2x' class='avatar avatar-32 photo' height='32' width='32' decoding='async'\/>\t\t\n\t\t<a href=\"https:\/\/cerenkaradag.com\/author\/cerenadminkaradag\/\" rel=\"author\">\n\t\t\t<span class=\"vcard author author_name\">\n\t\t\t\t<span class=\"fn\">ceren karadag<\/span>\n\t\t\t<\/span>\n\t\t<\/a>\n\t\t\t\t\t\t\t\t<\/li>\n\t\t\t\t\t\n\t\t\t\t\t\n\t\t\t\t\t\t\t\t\t\t\t\t<\/ul>\n\t\t\t\t\t\t<\/div><!-- .entry-meta -->\n\t\t\t\t\t\t\t\t<header class=\"entry-header\">\n\t\t\t\t\t\t\t\t\t<figure id=\"carousel-390\" class=\"entry-thumbnail\">\n\t\t\t\t\t\t\n\t\t\t\t\t\t\t<div class=\"post-img-wrapp\">\n\t\t\t\t\t\t\t\t<a href=\"https:\/\/cerenkaradag.com\/dis-eti-estetigi-gummy-smile-nedir\/\">\n\t\t\t\t\t\t\t\t\t<img width=\"1300\" height=\"726\" src=\"https:\/\/cerenkaradag.com\/wp-content\/uploads\/2026\/06\/Dis-Eti-Estetigi-Gummy-Smile-Nedir-Nasil-Duzeltilir_3-1300x726.png\" class=\"attachment-large size-large\" alt=\"Di\u015f Eti Esteti\u011fi (Gummy Smile) Nedir Nas\u0131l D\u00fczeltilir_3\" decoding=\"async\" srcset=\"https:\/\/cerenkaradag.com\/wp-content\/uploads\/2026\/06\/Dis-Eti-Estetigi-Gummy-Smile-Nedir-Nasil-Duzeltilir_3-1300x726.png 1300w, https:\/\/cerenkaradag.com\/wp-content\/uploads\/2026\/06\/Dis-Eti-Estetigi-Gummy-Smile-Nedir-Nasil-Duzeltilir_3-400x223.png 400w, https:\/\/cerenkaradag.com\/wp-content\/uploads\/2026\/06\/Dis-Eti-Estetigi-Gummy-Smile-Nedir-Nasil-Duzeltilir_3-768x429.png 768w, https:\/\/cerenkaradag.com\/wp-content\/uploads\/2026\/06\/Dis-Eti-Estetigi-Gummy-Smile-Nedir-Nasil-Duzeltilir_3-1536x857.png 1536w, https:\/\/cerenkaradag.com\/wp-content\/uploads\/2026\/06\/Dis-Eti-Estetigi-Gummy-Smile-Nedir-Nasil-Duzeltilir_3-2048x1143.png 2048w\" sizes=\"(max-width: 1300px) 100vw, 1300px\" \/>\t\t\t\t\t\t\t\t<\/a>\n\t\t\t\t\t\t\t<\/div>\n\t\t\t\t\t\t\t<div class=\"post-image-mask\">\n\t\t\t\t\t\t\t\t<span><\/span>\n\t\t\t\t\t\t\t<\/div>\n\n\t\t\t\t\t\t\n\t\t\t\t\t<\/figure>\n\t\t\t\t\n\t\t\t\t\t\t\t\t\t\t\t\t<div class=\"post-date wd-post-date wd-style-with-bg\">\n\t\t\t\t<span class=\"post-date-day\">\n\t\t\t\t\t27\t\t\t\t<\/span>\n\t\t\t\t<span class=\"post-date-month\">\n\t\t\t\t\tHaz\t\t\t\t<\/span>\n\t\t\t<\/div>\n\t\t\t\t\t\t\n\t\t\t<\/header><!-- .entry-header -->\n\n\t\t<div class=\"article-body-container\">\n\t\t\t\n\t\t\t\t\t\t\t\n\t\t\t\t                    <div class=\"entry-content wd-entry-content\">\n\t\t\t\t\t\t<p>Gummy smile (di\u015f eti g\u00fcl\u00fc\u015f\u00fc) nedir, nas\u0131l d\u00fczeltilir? Lazer, botoks ve cerrahi tedavi se\u00e7enekleri. Dr. Ceren Karada\u011f \u2013 \u0130stanbul.<\/p>\n\n\t\t\t\t\t\t\t\t\t\t\t<\/div><!-- .entry-content -->\n\t\t\t\t\n\t\t\t\t\t\t\t\t\t\t\t\t\t\t<p class=\"read-more-section\">\n\t\t\t\t\t\t<a class=\"btn-read-more more-link\" href=\"https:\/\/cerenkaradag.com\/dis-eti-estetigi-gummy-smile-nedir\/\">okumaya devam et<\/a>\t\t\t\t\t<\/p>\n\t\t\t\t\t\t\t\t\t\t\t\n\t\t\t\t\t\t\t<div class=\"share-with-lines\">\n\t\t\t\t\t<span class=\"left-line\"><\/span>\n\t\t\t\t\t\t\t\t\t\t\t\n\t\t\t<div class=\" wd-social-icons icons-design-bordered icons-size-small color-scheme-dark social-share social-form-circle text-center\">\n\n\t\t\t\t\n\t\t\t\t\t\t\t\t\t<a rel=\"noopener noreferrer nofollow\" href=\"https:\/\/www.facebook.com\/sharer\/sharer.php?u=https:\/\/cerenkaradag.com\/dis-eti-estetigi-gummy-smile-nedir\/\" target=\"_blank\" class=\" wd-social-icon social-facebook\" aria-label=\"Facebook social link\">\n\t\t\t\t\t\t<span class=\"wd-icon\"><\/span>\n\t\t\t\t\t\t\t\t\t\t\t<\/a>\n\t\t\t\t\n\t\t\t\t\t\t\t\t\t<a rel=\"noopener noreferrer nofollow\" href=\"https:\/\/x.com\/share?url=https:\/\/cerenkaradag.com\/dis-eti-estetigi-gummy-smile-nedir\/\" target=\"_blank\" class=\" wd-social-icon social-twitter\" aria-label=\"X social link\">\n\t\t\t\t\t\t<span class=\"wd-icon\"><\/span>\n\t\t\t\t\t\t\t\t\t\t\t<\/a>\n\t\t\t\t\n\t\t\t\t\n\t\t\t\t\n\t\t\t\t\n\t\t\t\t\t\t\t\t\t<a rel=\"noopener noreferrer nofollow\" href=\"https:\/\/pinterest.com\/pin\/create\/button\/?url=https:\/\/cerenkaradag.com\/dis-eti-estetigi-gummy-smile-nedir\/&media=https:\/\/cerenkaradag.com\/wp-content\/uploads\/2026\/06\/Dis-Eti-Estetigi-Gummy-Smile-Nedir-Nasil-Duzeltilir_3-scaled.png&description=Di%C5%9F+Eti+Esteti%C4%9Fi+%28Gummy+Smile%29+Nedir%3F\" target=\"_blank\" class=\" wd-social-icon social-pinterest\" aria-label=\"Pinterest social link\">\n\t\t\t\t\t\t<span class=\"wd-icon\"><\/span>\n\t\t\t\t\t\t\t\t\t\t\t<\/a>\n\t\t\t\t\n\t\t\t\t\n\t\t\t\t\t\t\t\t\t<a rel=\"noopener noreferrer nofollow\" href=\"https:\/\/www.linkedin.com\/shareArticle?mini=true&url=https:\/\/cerenkaradag.com\/dis-eti-estetigi-gummy-smile-nedir\/\" target=\"_blank\" class=\" wd-social-icon social-linkedin\" aria-label=\"Linkedin social link\">\n\t\t\t\t\t\t<span class=\"wd-icon\"><\/span>\n\t\t\t\t\t\t\t\t\t\t\t<\/a>\n\t\t\t\t\n\t\t\t\t\n\t\t\t\t\n\t\t\t\t\n\t\t\t\t\n\t\t\t\t\n\t\t\t\t\n\t\t\t\t\n\t\t\t\t\n\t\t\t\t\n\t\t\t\t\t\t\t\t\n\t\t\t\t\t\t\t\t\n\t\t\t\t\n\t\t\t\t\n\t\t\t\t\n\t\t\t\t\t\t\t\t\t<a rel=\"noopener noreferrer nofollow\" href=\"https:\/\/telegram.me\/share\/url?url=https:\/\/cerenkaradag.com\/dis-eti-estetigi-gummy-smile-nedir\/\" target=\"_blank\" class=\" wd-social-icon social-tg\" aria-label=\"Telegram social link\">\n\t\t\t\t\t\t<span class=\"wd-icon\"><\/span>\n\t\t\t\t\t\t\t\t\t\t\t<\/a>\n\t\t\t\t\t\t\t\t\n\t\t\t\t\n\t\t\t<\/div>\n\n\t\t\t\t\t\t\t\t\t\t\t\t<span class=\"right-line\"><\/span>\n\t\t\t\t<\/div>\n\t\t\t\n\t\t\t\t\t<\/div>\n\t<\/div>\n<\/article><!-- #post -->\n\n\n\t\t\t\t\t\n\t\t\t\t\t","status":"have-posts","nextPage":"https:\/\/cerenkaradag.com\/blog\/page\/6\/?woo_ajax=1","currentPage":"https:\/\/cerenkaradag.com\/blog\/page\/5"}